{"id":117,"date":"2009-05-20T11:26:13","date_gmt":"2009-05-20T09:26:13","guid":{"rendered":"http:\/\/antropologia.zeus.umh.es\/?p=117"},"modified":"2009-05-20T11:26:13","modified_gmt":"2009-05-20T09:26:13","slug":"museo-nacional-centro-de-arte-reina-sofia-y-universidad-nomada-conferencia-internacional-sobre-la-crisis-sistemica-del-capitalismo","status":"publish","type":"post","link":"https:\/\/antropologia.umh.es\/ca\/2009\/05\/20\/museo-nacional-centro-de-arte-reina-sofia-y-universidad-nomada-conferencia-internacional-sobre-la-crisis-sistemica-del-capitalismo\/","title":{"rendered":"Museo Nacional Centro de Arte Reina Sof\u00eda y Universidad N\u00f3mada. Conferencia internacional sobre la crisis sist\u00e9mica del capitalismo."},"content":{"rendered":"<p><strong>Din\u00e1mica de la crisis global, movimientos antisist\u00e9micos y nuevos modelos de hegemon\u00eda. Encuentro en honor a Giovanni Arrighi.<br \/>\n<\/strong>Del 25 al 29 de mayo, 2009<br \/>\nAuditorio 200, Edificio Nouvel. Museo Nacional Centro de Arte Reina Sof\u00eda. Madrid<br \/>\nEntrada gratuita.<\/p>\n<p>Encuentro internacional en honor al economista y soci\u00f3logo italiano Giovanni Arrighi en el que se analizar\u00e1n las caracter\u00edsticas de la actual crisis sist\u00e9mica del capitalismo, las respuestas regionales que los Estados, clases sociales, movimientos antisist\u00e9micos y \u00e9lites dominantes est\u00e1n desplegando para enfrentarse a las consecuencias de la misma, los escenarios prospectivos que se abren a partir de las estrategias de creaci\u00f3n de nuevos modelos de hegemon\u00eda global y los desaf\u00edos y consecuencias derivados de la aparici\u00f3n de un nuevo orden mundial justo e igualitario.<\/p>\n<p><a href=\"http:\/\/www.museoreinasofia.es\/\"><strong><span style=\"text-decoration: underline\"><span style=\"color: #0000ff\">www.museoreinasofia.es<\/span><\/span><\/strong><\/a><\/p>\n<p><!--more--><br \/>\n<strong>Programa<\/strong><\/p>\n<p><strong>LUNES 25<\/strong><\/p>\n<p>10:00<br \/>\nPresentaci\u00f3n a cargo de Manuel Borja-Villel, director del museo<br \/>\n10:30<br \/>\nSesi\u00f3n de apertura: &#8220;Por una teor\u00eda del capitalismo hist\u00f3rico, de la agencia de los movimientos antisist\u00e9micos y de la producci\u00f3n estructural de justicia. Reflexiones en torno al trabajo de Giovanni Arrighi&#8221;. Samir Amin, Perry Anderson, Robert Brenner, David Harvey, Ho Fung Hung y Beverly Silver<br \/>\n17:30<br \/>\nContrapunto: Giovanni Arrighi<br \/>\n&#8220;El sistema financiero global: de Bretton Woods a la crisis actual y la b\u00fasqueda de alternativas equitativas y sostenibles&#8221;. Amiya Kumar Bagchi, Marcello De Cecco y Theotonio Dos Santos<\/p>\n<p><strong>MARTES 26<\/strong><\/p>\n<p>10:00<br \/>\n&#8220;Los fundamentos financieros y militares de las relaciones de poder globales&#8221;. Robert Brenner, Ravi Arvind Palat y Tom Reifer<br \/>\n12:30<br \/>\n&#8220;Proyectos hegem\u00f3nicos de las \u00e9lites y estrategias de los movimientos antisist\u00e9micos populares y subalternos&#8221;. Gillian Hart, William Martin y Ravi Sundaram<br \/>\n17:30<br \/>\n&#8220;El impacto de la crisis actual sobre la desigualdad global y las estrategias de desarrollo de las econom\u00edas emergentes&#8221;. Roberto Patricio Korzeniewicz, Carlos Eduardo Martins y Luis Sandoval Ram\u00edrez<\/p>\n<p><strong>MI\u00c9RCOLES 27<\/strong><\/p>\n<p>10:00<br \/>\n&#8220;Perspectivas regionales sobre la crisis actual y alternativas futuras: \u00c1frica&#8221;. Siba N. Grovogui, Gillian Hart, William Martin, John S. Saul<br \/>\n12:30<br \/>\n&#8220;Perspectivas regionales sobre la crisis actual y alternativas futuras: Asia&#8221;. Ho Fung Hung, Lu Aiguo y Ravi Sundaram<br \/>\n17:30<br \/>\n&#8220;Perspectivas regionales sobre la crisis actual y alternativas futuras: Am\u00e9rica Latina&#8221;. Theotonio Dos Santos, Luis Sandoval Ram\u00edrez y Emir Sader<\/p>\n<p><strong>JUEVES 28<\/strong><\/p>\n<p>10:00<br \/>\n&#8220;Perspectivas regionales sobre la crisis actual y alternativas futuras: Europa y Norteam\u00e9rica&#8221;. Perry Anderson, Marcello De Cecco y John S. Saul<br \/>\n12:30<br \/>\n&#8220;Implicaciones de las estructuras sociales precoloniales para las futuras sendas alternativas de desarrollo&#8221;. Siba N. Grovogui, Takeshi Hamashitay y Ravi Arvind Palat<br \/>\n16:30<br \/>\n&#8220;Relaciones Sur-Sur: \u00bfEs posible una nueva Bandung?&#8221;. Samir Amin, Amiya Kumar Bagchi y Walden Bello<\/p>\n<p><strong>VIERNES 29<\/strong><\/p>\n<p>10:00<br \/>\nConferencia de clausura: &#8220;Por un nuevo paradigma de an\u00e1lisis socioecon\u00f3mico y pol\u00edtico. Perspectivas estrat\u00e9gicas para evitar el caos sist\u00e9mico y construir un mundo justo y sostenible&#8221;. Giovanni Arrighi<br \/>\n12:30<br \/>\nMesa redonda final<\/p>\n","protected":false},"excerpt":{"rendered":"<p>Din\u00e1mica de la crisis global, movimientos antisist\u00e9micos y nuevos modelos de hegemon\u00eda. Encuentro en honor a Giovanni Arrighi.<br \/>\nDel 25 al 29 de mayo, 2009<br \/>\nAuditorio 200, Edificio Nouvel. Museo Nacional Centro de Arte Reina Sof\u00eda. Madrid<br \/>\nEntrada gratuita.<br \/>\nEncuentro internacional en honor al economista y soci\u00f3logo italiano Giovanni Arrighi en el que se analizar\u00e1n las caracter\u00edsticas de la [&#8230;]<\/p>\n","protected":false},"author":642,"featured_media":0,"comment_status":"closed","ping_status":"open","sticky":false,"template":"","format":"standard","meta":{"_links_to":"","_links_to_target":""},"categories":[4],"tags":[710,3260],"_links":{"self":[{"href":"https:\/\/antropologia.umh.es\/ca\/wp-json\/wp\/v2\/posts\/117"}],"collection":[{"href":"https:\/\/antropologia.umh.es\/ca\/wp-json\/wp\/v2\/posts"}],"about":[{"href":"https:\/\/antropologia.umh.es\/ca\/wp-json\/wp\/v2\/types\/post"}],"author":[{"embeddable":true,"href":"https:\/\/antropologia.umh.es\/ca\/wp-json\/wp\/v2\/users\/642"}],"replies":[{"embeddable":true,"href":"https:\/\/antropologia.umh.es\/ca\/wp-json\/wp\/v2\/comments?post=117"}],"version-history":[{"count":0,"href":"https:\/\/antropologia.umh.es\/ca\/wp-json\/wp\/v2\/posts\/117\/revisions"}],"wp:attachment":[{"href":"https:\/\/antropologia.umh.es\/ca\/wp-json\/wp\/v2\/media?parent=117"}],"wp:term":[{"taxonomy":"category","embeddable":true,"href":"https:\/\/antropologia.umh.es\/ca\/wp-json\/wp\/v2\/categories?post=117"},{"taxonomy":"post_tag","embeddable":true,"href":"https:\/\/antropologia.umh.es\/ca\/wp-json\/wp\/v2\/tags?post=117"}],"curies":[{"name":"wp","href":"https:\/\/api.w.org\/{rel}","templated":true}]}}