{"id":150,"date":"2009-06-10T10:08:17","date_gmt":"2009-06-10T08:08:17","guid":{"rendered":"http:\/\/antropologia.zeus.umh.es\/?p=150"},"modified":"2009-06-10T10:08:17","modified_gmt":"2009-06-10T08:08:17","slug":"instrumentos-musicales-etnicos-del-mundo","status":"publish","type":"post","link":"https:\/\/antropologia.umh.es\/ca\/2009\/06\/10\/instrumentos-musicales-etnicos-del-mundo\/","title":{"rendered":"Instrumentos musicales \u00e9tnicos del mundo"},"content":{"rendered":"<table border=\"0\" cellspacing=\"3\" cellpadding=\"0\">\n<tbody>\n<tr>\n<td><em>INSTRUMENTOS MUSICALES \u00c9TNICOS DEL MUNDO<\/em><\/td>\n<\/tr>\n<tr>\n<td class=\"puh_firma\">Colecci\u00f3n CARLOS BLANCO FADOLEntrada libre<\/td>\n<\/tr>\n<\/tbody>\n<\/table>\n<p><span class=\"puh_subtitulo\"><strong>Lugar<\/strong>:\u00a0<\/span>Club INFORMACION. Avda. Doctor Rico, 17. Alicante<\/p>\n<p><strong>Proyecci\u00f3n del documental<\/strong>: Yaguas. Rodado en la selva amaz\u00f3nica (15 minutos de duraci\u00f3n)<\/p>\n<p><strong>Presentaci\u00f3n del libro<\/strong>: Instrumentos musicales \u00e9tnicos del mundo. Colecci\u00f3n Carlos Blanco Fadol.<\/p>\n<p><strong>Intervienen<\/strong><\/p>\n<p><strong>CARLOS BLANCO FADOL<\/strong>. Etnomusic\u00f3logo e investigador. Autor del libro<br \/>\n<strong>VICENTE SALA RECIO<\/strong>. Ex director Territorial de Cultura de CAM<br \/>\n<strong>ALEJANDRO MORANT<\/strong>. Alcalde del Busot<\/p>\n<p><strong>PRESENTA:<br \/>\nJES\u00daS ALONSO BACIGALUPE<\/strong>. Director del Club INFORMACION<\/p>\n","protected":false},"excerpt":{"rendered":"<p>INSTRUMENTOS MUSICALES \u00c9TNICOS DEL MUNDO<\/p>\n<p>Colecci\u00f3n CARLOS BLANCO FADOLEntrada libre<\/p>\n<p>Lugar:\u00a0Club INFORMACION. Avda. Doctor Rico, 17. Alicante<br \/>\nProyecci\u00f3n del documental: Yaguas. Rodado en la selva amaz\u00f3nica (15 minutos de duraci\u00f3n)<br \/>\nPresentaci\u00f3n del libro: Instrumentos musicales \u00e9tnicos del mundo. Colecci\u00f3n Carlos Blanco Fadol.<br \/>\nIntervienen<br \/>\nCARLOS BLANCO FADOL. Etnomusic\u00f3logo e investigador. Autor del libro<br \/>\nVICENTE SALA RECIO. Ex director Territorial de Cultura de CAM<br \/>\nALEJANDRO [&#8230;]<\/p>\n","protected":false},"author":1,"featured_media":0,"comment_status":"closed","ping_status":"open","sticky":false,"template":"","format":"standard","meta":{"_links_to":"","_links_to_target":""},"categories":[4],"tags":[3272],"_links":{"self":[{"href":"https:\/\/antropologia.umh.es\/ca\/wp-json\/wp\/v2\/posts\/150"}],"collection":[{"href":"https:\/\/antropologia.umh.es\/ca\/wp-json\/wp\/v2\/posts"}],"about":[{"href":"https:\/\/antropologia.umh.es\/ca\/wp-json\/wp\/v2\/types\/post"}],"author":[{"embeddable":true,"href":"https:\/\/antropologia.umh.es\/ca\/wp-json\/wp\/v2\/users\/1"}],"replies":[{"embeddable":true,"href":"https:\/\/antropologia.umh.es\/ca\/wp-json\/wp\/v2\/comments?post=150"}],"version-history":[{"count":0,"href":"https:\/\/antropologia.umh.es\/ca\/wp-json\/wp\/v2\/posts\/150\/revisions"}],"wp:attachment":[{"href":"https:\/\/antropologia.umh.es\/ca\/wp-json\/wp\/v2\/media?parent=150"}],"wp:term":[{"taxonomy":"category","embeddable":true,"href":"https:\/\/antropologia.umh.es\/ca\/wp-json\/wp\/v2\/categories?post=150"},{"taxonomy":"post_tag","embeddable":true,"href":"https:\/\/antropologia.umh.es\/ca\/wp-json\/wp\/v2\/tags?post=150"}],"curies":[{"name":"wp","href":"https:\/\/api.w.org\/{rel}","templated":true}]}}