{"id":158,"date":"2009-06-24T17:40:28","date_gmt":"2009-06-24T15:40:28","guid":{"rendered":"http:\/\/antropologia.zeus.umh.es\/?p=158"},"modified":"2009-06-24T17:40:28","modified_gmt":"2009-06-24T15:40:28","slug":"otro-espacio-los-miercoles-socialistas-jorge-cabieses-valdes-harry-meadows-gorka-mohamed-con-la-colaboracion-de-david-ferrando-giraut","status":"publish","type":"post","link":"https:\/\/antropologia.umh.es\/ca\/2009\/06\/24\/otro-espacio-los-miercoles-socialistas-jorge-cabieses-valdes-harry-meadows-gorka-mohamed-con-la-colaboracion-de-david-ferrando-giraut\/","title":{"rendered":"OTRO ESPACIO. Los Mi\u00e9rcoles Socialistas; Jorge Cabieses Vald\u00e9s, Harry Meadows, Gorka Mohamed, con la colaboraci\u00f3n de David Ferrando Giraut."},"content":{"rendered":"<p>Inauguraci\u00f3n: S\u00e1bado 20 de junio, 20:30h.<br \/>\nDel 20 de junio al 26 de julio (Previa cita).<br \/>\nOtro Espacio.<br \/>\nPlaza Conde de Aranda N\u00ba1 Bajo, Mislata (Valencia).<br \/>\nhttp:\/\/www.otroespacio.org<\/p>\n<p>&#8220;Los Mi\u00e9rcoles Socialistas&#8221; supone un acercamiento hacia el inter\u00e9s que parece estar resurgiendo en los \u00faltimos a\u00f1os, y en especial en el momento actual, hacia pol\u00edticas y est\u00e9ticas de car\u00e1cter ut\u00f3pico como alternativa a un sistema que da muestras evidentes de crisis.<\/p>\n<p>Desde una perspectiva l\u00fadica, en las reuniones que dieron lugar a la muestra se trataron cuestiones como la pertinencia o no del pensamiento ut\u00f3pico en la actualidad y sus posibles consecuencias, y sobre el papel de la actividad art\u00edstica en este contexto.<\/p>\n<p><!--more-->En esta l\u00ednea, &#8220;Los mi\u00e9rcoles socialistas&#8221; cuestiona, desde una fe en el trabajo art\u00edstico como herramienta social -no necesariamente exenta de cierta iron\u00eda sana-, la pertinencia de un arte de grandes pretensiones e intenciones transformadoras, y apuesta por la realizaci\u00f3n de propuestas destinadas desde un principio al fracaso, pero cuya mera puesta en pr\u00e1ctica puede dejar un rastro valioso y positivo.<\/p>\n<p>La muestra, que presenta trabajos individuales de cada uno de los artistas &#8211; v\u00eddeo, escultura y dibujo- junto a una pieza colectiva, surge como fruto de las reuniones y discusiones semanales que a lo largo del \u00faltimo a\u00f1o ha realizado el grupo de artistas, que incluye tambi\u00e9n a David Ferrando Giraut, cuyo papel en esta ocasi\u00f3n se desplaza al de coordinador del proyecto.<\/p>\n<p>Horario de Otro Espacio:<\/p>\n<p>S\u00e1bado 20 de junio de 20.30 a 22.30 h.<br \/>\nDomingo 21 de junio de 12 a 14 y de 17 a 21 h.<br \/>\nDel 22 de junio al 26 de julio, cita previa a los tel\u00e9fonos: 625916382 o email a: dartearte@gmail.com<br \/>\nColabora: Ayuntamiento de Mislata (Concejal\u00eda de cultura).<\/p>\n<p>OTRO ESPACIO (Asociaci\u00f3n cultural).<\/p>\n<p>Plaza Conde de Aranda N\u00ba1 Bajo \/ 46920 Mislata (Valencia).<br \/>\n625 916382 \/ dartearte@gmail.com<br \/>\nhttp:\/\/www.otroespacio.org\/<\/p>\n","protected":false},"excerpt":{"rendered":"<p>Inauguraci\u00f3n: S\u00e1bado 20 de junio, 20:30h.<br \/>\nDel 20 de junio al 26 de julio (Previa cita).<br \/>\nOtro Espacio.<br \/>\nPlaza Conde de Aranda N\u00ba1 Bajo, Mislata (Valencia).<br \/>\nhttp:\/\/www.otroespacio.org<br \/>\n&#8220;Los Mi\u00e9rcoles Socialistas&#8221; supone un acercamiento hacia el inter\u00e9s que parece estar resurgiendo en los \u00faltimos a\u00f1os, y en especial en el momento actual, hacia pol\u00edticas y est\u00e9ticas de car\u00e1cter ut\u00f3pico como alternativa [&#8230;]<\/p>\n","protected":false},"author":642,"featured_media":0,"comment_status":"closed","ping_status":"open","sticky":false,"template":"","format":"standard","meta":{"_links_to":"","_links_to_target":""},"categories":[4],"tags":[3051,3148,3065],"_links":{"self":[{"href":"https:\/\/antropologia.umh.es\/ca\/wp-json\/wp\/v2\/posts\/158"}],"collection":[{"href":"https:\/\/antropologia.umh.es\/ca\/wp-json\/wp\/v2\/posts"}],"about":[{"href":"https:\/\/antropologia.umh.es\/ca\/wp-json\/wp\/v2\/types\/post"}],"author":[{"embeddable":true,"href":"https:\/\/antropologia.umh.es\/ca\/wp-json\/wp\/v2\/users\/642"}],"replies":[{"embeddable":true,"href":"https:\/\/antropologia.umh.es\/ca\/wp-json\/wp\/v2\/comments?post=158"}],"version-history":[{"count":0,"href":"https:\/\/antropologia.umh.es\/ca\/wp-json\/wp\/v2\/posts\/158\/revisions"}],"wp:attachment":[{"href":"https:\/\/antropologia.umh.es\/ca\/wp-json\/wp\/v2\/media?parent=158"}],"wp:term":[{"taxonomy":"category","embeddable":true,"href":"https:\/\/antropologia.umh.es\/ca\/wp-json\/wp\/v2\/categories?post=158"},{"taxonomy":"post_tag","embeddable":true,"href":"https:\/\/antropologia.umh.es\/ca\/wp-json\/wp\/v2\/tags?post=158"}],"curies":[{"name":"wp","href":"https:\/\/api.w.org\/{rel}","templated":true}]}}