{"id":180,"date":"2009-09-30T13:51:44","date_gmt":"2009-09-30T11:51:44","guid":{"rendered":"http:\/\/antropologia.zeus.umh.es\/?p=180"},"modified":"2009-09-30T13:51:44","modified_gmt":"2009-09-30T11:51:44","slug":"practica-profesional-antropologia-a-passar-ho-be","status":"publish","type":"post","link":"https:\/\/antropologia.umh.es\/ca\/2009\/09\/30\/practica-profesional-antropologia-a-passar-ho-be\/","title":{"rendered":"Pr\u00e1ctica profesional antropolog\u00eda &#8220;A passar-ho be&#8221;."},"content":{"rendered":"<p>Pr\u00e1cticas de antropolog\u00eda en la asociaci\u00f3n para personas con necesidades especiales &#8220;Apassar-ho be&#8221;. Sueca (Val\u00e8ncia).<\/p>\n<p>Horario\/periodo: a convenir.<\/p>\n<p>Sin remuneraci\u00f3n econ\u00f3mica.<\/p>\n<p>Tareas: Realizaci\u00f3n de la revista semanal y publicaci\u00f3n de noticias.<\/p>\n","protected":false},"excerpt":{"rendered":"<p>Pr\u00e1cticas de antropolog\u00eda en la asociaci\u00f3n para personas con necesidades especiales &#8220;Apassar-ho be&#8221;. Sueca (Val\u00e8ncia).<br \/>\nHorario\/periodo: a convenir.<br \/>\nSin remuneraci\u00f3n econ\u00f3mica.<br \/>\nTareas: Realizaci\u00f3n de la revista semanal y publicaci\u00f3n de noticias.<\/p>\n","protected":false},"author":642,"featured_media":0,"comment_status":"closed","ping_status":"open","sticky":false,"template":"","format":"standard","meta":{"_links_to":"","_links_to_target":""},"categories":[3126],"tags":[1134,1758],"_links":{"self":[{"href":"https:\/\/antropologia.umh.es\/ca\/wp-json\/wp\/v2\/posts\/180"}],"collection":[{"href":"https:\/\/antropologia.umh.es\/ca\/wp-json\/wp\/v2\/posts"}],"about":[{"href":"https:\/\/antropologia.umh.es\/ca\/wp-json\/wp\/v2\/types\/post"}],"author":[{"embeddable":true,"href":"https:\/\/antropologia.umh.es\/ca\/wp-json\/wp\/v2\/users\/642"}],"replies":[{"embeddable":true,"href":"https:\/\/antropologia.umh.es\/ca\/wp-json\/wp\/v2\/comments?post=180"}],"version-history":[{"count":0,"href":"https:\/\/antropologia.umh.es\/ca\/wp-json\/wp\/v2\/posts\/180\/revisions"}],"wp:attachment":[{"href":"https:\/\/antropologia.umh.es\/ca\/wp-json\/wp\/v2\/media?parent=180"}],"wp:term":[{"taxonomy":"category","embeddable":true,"href":"https:\/\/antropologia.umh.es\/ca\/wp-json\/wp\/v2\/categories?post=180"},{"taxonomy":"post_tag","embeddable":true,"href":"https:\/\/antropologia.umh.es\/ca\/wp-json\/wp\/v2\/tags?post=180"}],"curies":[{"name":"wp","href":"https:\/\/api.w.org\/{rel}","templated":true}]}}