{"id":188,"date":"2009-10-14T09:56:43","date_gmt":"2009-10-14T07:56:43","guid":{"rendered":"http:\/\/antropologia.zeus.umh.es\/?p=188"},"modified":"2009-10-14T09:56:43","modified_gmt":"2009-10-14T07:56:43","slug":"jornadas-de-etnologia-en-andalucia-becas","status":"publish","type":"post","link":"https:\/\/antropologia.umh.es\/ca\/2009\/10\/14\/jornadas-de-etnologia-en-andalucia-becas\/","title":{"rendered":"Jornadas de Etnolog\u00eda en Andaluc\u00eda: becas."},"content":{"rendered":"<p>Los pr\u00f3ximos 29 y 30 de octubre van a celebrarse en el Museo de Huelva las XVII Jornadas Andaluzas de Etnolog\u00eda.<\/p>\n<p>Con tal motivo, la Consejer\u00eda de Cultura convoca treinta bolsas de estudios para postgraduados y estudiantes de antropolog\u00eda social, no residentes en esa ciudad.<\/p>\n<p>M\u00e1s informaci\u00f3n en <a href=\"http:\/\/www.asana-andalucia.org\/\">http:\/\/www.asana-andalucia.org\/<\/a>\u00a0 en INFORMACIONES: Jornadas y Congresos (Otros).<\/p>\n","protected":false},"excerpt":{"rendered":"<p>Los pr\u00f3ximos 29 y 30 de octubre van a celebrarse en el Museo de Huelva las XVII Jornadas Andaluzas de Etnolog\u00eda.<br \/>\nCon tal motivo, la Consejer\u00eda de Cultura convoca treinta bolsas de estudios para postgraduados y estudiantes de antropolog\u00eda social, no residentes en esa ciudad.<br \/>\nM\u00e1s informaci\u00f3n en http:\/\/www.asana-andalucia.org\/\u00a0 en INFORMACIONES: Jornadas y Congresos (Otros).<\/p>\n","protected":false},"author":1,"featured_media":0,"comment_status":"closed","ping_status":"open","sticky":false,"template":"","format":"standard","meta":{"_links_to":"","_links_to_target":""},"categories":[3126,4],"tags":[627],"_links":{"self":[{"href":"https:\/\/antropologia.umh.es\/ca\/wp-json\/wp\/v2\/posts\/188"}],"collection":[{"href":"https:\/\/antropologia.umh.es\/ca\/wp-json\/wp\/v2\/posts"}],"about":[{"href":"https:\/\/antropologia.umh.es\/ca\/wp-json\/wp\/v2\/types\/post"}],"author":[{"embeddable":true,"href":"https:\/\/antropologia.umh.es\/ca\/wp-json\/wp\/v2\/users\/1"}],"replies":[{"embeddable":true,"href":"https:\/\/antropologia.umh.es\/ca\/wp-json\/wp\/v2\/comments?post=188"}],"version-history":[{"count":0,"href":"https:\/\/antropologia.umh.es\/ca\/wp-json\/wp\/v2\/posts\/188\/revisions"}],"wp:attachment":[{"href":"https:\/\/antropologia.umh.es\/ca\/wp-json\/wp\/v2\/media?parent=188"}],"wp:term":[{"taxonomy":"category","embeddable":true,"href":"https:\/\/antropologia.umh.es\/ca\/wp-json\/wp\/v2\/categories?post=188"},{"taxonomy":"post_tag","embeddable":true,"href":"https:\/\/antropologia.umh.es\/ca\/wp-json\/wp\/v2\/tags?post=188"}],"curies":[{"name":"wp","href":"https:\/\/api.w.org\/{rel}","templated":true}]}}