{"id":24,"date":"2009-04-29T12:58:10","date_gmt":"2009-04-29T10:58:10","guid":{"rendered":"http:\/\/antropologia.zeus.umh.es\/?p=24"},"modified":"2009-04-29T12:58:10","modified_gmt":"2009-04-29T10:58:10","slug":"alvarez-leguizamon-sonia-trabajo-y-produccion-de-la-pobreza-en-latinoamerica-y-el-caribe-estructuras-discursos-y-actoresconsejo-latinoamericano-de-ciencias-sociales-ciudad-autonoma-de-buenos-air","status":"publish","type":"post","link":"https:\/\/antropologia.umh.es\/ca\/2009\/04\/29\/alvarez-leguizamon-sonia-trabajo-y-produccion-de-la-pobreza-en-latinoamerica-y-el-caribe-estructuras-discursos-y-actoresconsejo-latinoamericano-de-ciencias-sociales-ciudad-autonoma-de-buenos-air\/","title":{"rendered":"Alvarez Leguizam\u00f3n, Sonia: Trabajo y producci\u00f3n de la pobreza en Latinoam\u00e9rica y el Caribe: estructuras, discursos y actores.Consejo Latinoamericano de Ciencias Sociales, Ciudad Autonoma de Buenos Aires, Argentina. 2005."},"content":{"rendered":"<p><a href=\"https:\/\/antropologia.umh.es\/files\/2009\/04\/trabajo-y-produccion-de-la-pobreza-en-latino-america-y-en-el-caribe.jpg\"><img loading=\"lazy\" class=\"size-medium wp-image-25 alignnone\" src=\"https:\/\/antropologia.umh.es\/files\/2009\/04\/trabajo-y-produccion-de-la-pobreza-en-latino-america-y-en-el-caribe.jpg\" alt=\"\" width=\"141\" height=\"205\" \/><\/a><\/p>\n<p>Este libro examina los viejos y nuevos procesos que producen y reproducen la pobreza en Am\u00e9rica Latina y el Caribe, particularmente en su vinculaci\u00f3n con los cambios ocurridos en el trabajo, el estado, los sistemas econ\u00f3micos y las pol\u00edticas sociales destinadas a reducirla o &#8220;erradicarla&#8221;. La obra es una invitaci\u00f3n a entender el fen\u00f3meno de la pobreza de una manera anal\u00edtica y epistemol\u00f3gica diferente a la que predomina en los estudios sobre el tema, al tratar de enfatizar las relaciones hist\u00f3rico-sociales que la producen y perpet\u00faan m\u00e1s que su descripci\u00f3n y medici\u00f3n.<br \/>\n<!--more-->Las transformaciones de la econom\u00eda pol\u00edtica mundial, la internacionalizaci\u00f3n de las econom\u00edas de la regi\u00f3n y las modificaciones en el rol de los estados nacionales bajo el efecto del neoliberalismo han producido nuevos mecanismos de explotaci\u00f3n del trabajo y aumento de la pobreza. En este contexto, el presente libro discute los modos a trav\u00e9s de los cuales las reformas laborales, el desempleo, los mecanismos de segregaci\u00f3n, la segmentaci\u00f3n social y las pol\u00edticas p\u00fablicas articularon complejas redes que facilitaron el incremento de las pobreza y la exclusi\u00f3n en distintos casos concretos de la regi\u00f3n. Asimismo observa c\u00f3mo los nuevos relatos sobre el desarrollo econ\u00f3mico y social contenidos en muchos estudios te\u00f3ricos y emp\u00edricos -que contrastan con los resultados de las investigaciones aqu\u00ed presentadas- ofrecen una imagen de un futuro pr\u00f3spero a la vez que ignoran o relativizan los efectos sobre la concentraci\u00f3n de la riqueza, la pobreza, la desigualdad y la discriminaci\u00f3n \u00e9tnica. Las pr\u00e1cticas, las luchas y el protagonismo de las v\u00edctimas para contrarrestar los efectos de su empobrecimiento aparecen aqu\u00ed como im\u00e1genes de contraste, en una obra que pone de relieve los efectos de una nueva generaci\u00f3n de pol\u00edticas que dicen erradicar la pobreza pero que, a juzgar por las estad\u00edsticas y la realidad regional, la reproducen.<\/p>\n<p>Link : <a href=\"http:\/\/bibliotecavirtual.clacso.org.ar\/ar\/libros\/crop\/trabajo.html\" target=\"_blank\">http:\/\/bibliotecavirtual.clacso.org.ar\/ar\/libros\/crop\/trabajo.html<\/a><\/p>\n","protected":false},"excerpt":{"rendered":"<p>Este libro examina los viejos y nuevos procesos que producen y reproducen la pobreza en Am\u00e9rica Latina y el Caribe, particularmente en su vinculaci\u00f3n con los cambios ocurridos en el trabajo, el estado, los sistemas econ\u00f3micos y las pol\u00edticas sociales destinadas a reducirla o &#8220;erradicarla&#8221;. La obra es una invitaci\u00f3n a entender el fen\u00f3meno de [&#8230;]<\/p>\n","protected":false},"author":642,"featured_media":0,"comment_status":"closed","ping_status":"open","sticky":false,"template":"","format":"standard","meta":{"_links_to":"","_links_to_target":""},"categories":[507],"tags":[1134,3167,3247,3251,3269,3288,3292],"_links":{"self":[{"href":"https:\/\/antropologia.umh.es\/ca\/wp-json\/wp\/v2\/posts\/24"}],"collection":[{"href":"https:\/\/antropologia.umh.es\/ca\/wp-json\/wp\/v2\/posts"}],"about":[{"href":"https:\/\/antropologia.umh.es\/ca\/wp-json\/wp\/v2\/types\/post"}],"author":[{"embeddable":true,"href":"https:\/\/antropologia.umh.es\/ca\/wp-json\/wp\/v2\/users\/642"}],"replies":[{"embeddable":true,"href":"https:\/\/antropologia.umh.es\/ca\/wp-json\/wp\/v2\/comments?post=24"}],"version-history":[{"count":0,"href":"https:\/\/antropologia.umh.es\/ca\/wp-json\/wp\/v2\/posts\/24\/revisions"}],"wp:attachment":[{"href":"https:\/\/antropologia.umh.es\/ca\/wp-json\/wp\/v2\/media?parent=24"}],"wp:term":[{"taxonomy":"category","embeddable":true,"href":"https:\/\/antropologia.umh.es\/ca\/wp-json\/wp\/v2\/categories?post=24"},{"taxonomy":"post_tag","embeddable":true,"href":"https:\/\/antropologia.umh.es\/ca\/wp-json\/wp\/v2\/tags?post=24"}],"curies":[{"name":"wp","href":"https:\/\/api.w.org\/{rel}","templated":true}]}}