{"id":240,"date":"2009-11-02T23:43:15","date_gmt":"2009-11-02T21:43:15","guid":{"rendered":"http:\/\/antropologia.zeus.umh.es\/?p=240"},"modified":"2009-11-02T23:43:15","modified_gmt":"2009-11-02T21:43:15","slug":"%e2%80%9cla-evolucion-es-un-hecho-como-la-gravitacion-universal%e2%80%9d","status":"publish","type":"post","link":"https:\/\/antropologia.umh.es\/ca\/2009\/11\/02\/%e2%80%9cla-evolucion-es-un-hecho-como-la-gravitacion-universal%e2%80%9d\/","title":{"rendered":"\u201cLa Evoluci\u00f3n es un hecho como lo es la gravitaci\u00f3n universal\u201d"},"content":{"rendered":"<p class=\"MsoNormal\" style=\"margin: 0cm 0cm 10pt;text-align: justify\"><span style=\"font-size: small;font-family: Calibri\"><a href=\"https:\/\/antropologia.umh.es\/files\/2009\/11\/foto-blog.jpg\"><img loading=\"lazy\" class=\"alignnone size-medium wp-image-241\" src=\"https:\/\/antropologia.umh.es\/files\/2009\/11\/foto-blog-300x228.jpg\" alt=\"\" width=\"300\" height=\"228\" srcset=\"https:\/\/antropologia.umh.es\/files\/2009\/11\/foto-blog-300x228.jpg 300w, https:\/\/antropologia.umh.es\/files\/2009\/11\/foto-blog-1024x780.jpg 1024w\" sizes=\"(max-width: 300px) 100vw, 300px\" \/><\/a> <\/span><\/p>\n<p class=\"MsoNormal\" style=\"margin: 0cm 0cm 10pt;text-align: justify\">Estas han sido\u00a0las palabras del Dr. Luis Serra Cam\u00f3, Catedr\u00e1tico de Gen\u00e9tica de la Universidad de Barcelona en su intervenci\u00f3n de hoy dentro de las jornadas denominadas \u201cConmemorando a Darwin\u201d.<\/p>\n<p class=\"MsoNormal\" style=\"margin: 0cm 0cm 10pt;text-align: justify\">Para Serra, lo importante es que la opini\u00f3n p\u00fablica se convenza de que cuando hablamos de evoluci\u00f3n estamos hablando de un fen\u00f3meno comprobado por los hechos desde Darwin con la publicaci\u00f3n de su obra el Origen de las Especies.<\/p>\n<p class=\"MsoNormal\" style=\"margin: 0cm 0cm 10pt;text-align: justify\">Ha argumentado la falsedad del denominado movimiento sobre la Teor\u00eda del Dise\u00f1o Inteligente basada en un supuesta complejidad irreducible que pretende demostrar la existencia de este dise\u00f1o inteligente, es decir la existencia de un dise\u00f1ador de esta complejidad que hoy por hoy la ciencia o la evoluci\u00f3n no puede explicar.<\/p>\n<p class=\"MsoNormal\" style=\"margin: 0cm 0cm 10pt;text-align: justify\">Para explicar esta complejidad, ha destacado la importancia de los mecanismos de las duplicaciones g\u00e9nicas, es decir copias del mismo gen inicial van adquiriendo distintas funciones y al final el conjunto de todas las copias se hace imprescindible para esa complejidad irreductible.<\/p>\n<p class=\"MsoNormal\" style=\"margin: 0cm 0cm 10pt;text-align: justify\">A estas modificaciones por selecci\u00f3n natural, se unen las motivadas por la presi\u00f3n cultural por lo que el ser humano puede modificar cada vez m\u00e1s su ambiente, pero esta presi\u00f3n seg\u00fan Serra Cam\u00f3 ha de ser <span> <\/span>en beneficio de la capacidad de subsistencia y reproducci\u00f3n de la especie humana que a la vez se trasmite de generaci\u00f3n a generaci\u00f3n.<\/p>\n<p class=\"MsoNormal\" style=\"margin: 0cm 0cm 10pt;text-align: justify\">\n","protected":false},"excerpt":{"rendered":"<p>\nEstas han sido\u00a0las palabras del Dr. Luis Serra Cam\u00f3, Catedr\u00e1tico de Gen\u00e9tica de la Universidad de Barcelona en su intervenci\u00f3n de hoy dentro de las jornadas denominadas \u201cConmemorando a Darwin\u201d.<br \/>\nPara Serra, lo importante es que la opini\u00f3n p\u00fablica se convenza de que cuando hablamos de evoluci\u00f3n estamos hablando de un fen\u00f3meno comprobado por los [&#8230;]<\/p>\n","protected":false},"author":642,"featured_media":0,"comment_status":"closed","ping_status":"open","sticky":false,"template":"","format":"standard","meta":{"_links_to":"","_links_to_target":""},"categories":[507],"tags":[3253,3262],"_links":{"self":[{"href":"https:\/\/antropologia.umh.es\/ca\/wp-json\/wp\/v2\/posts\/240"}],"collection":[{"href":"https:\/\/antropologia.umh.es\/ca\/wp-json\/wp\/v2\/posts"}],"about":[{"href":"https:\/\/antropologia.umh.es\/ca\/wp-json\/wp\/v2\/types\/post"}],"author":[{"embeddable":true,"href":"https:\/\/antropologia.umh.es\/ca\/wp-json\/wp\/v2\/users\/642"}],"replies":[{"embeddable":true,"href":"https:\/\/antropologia.umh.es\/ca\/wp-json\/wp\/v2\/comments?post=240"}],"version-history":[{"count":0,"href":"https:\/\/antropologia.umh.es\/ca\/wp-json\/wp\/v2\/posts\/240\/revisions"}],"wp:attachment":[{"href":"https:\/\/antropologia.umh.es\/ca\/wp-json\/wp\/v2\/media?parent=240"}],"wp:term":[{"taxonomy":"category","embeddable":true,"href":"https:\/\/antropologia.umh.es\/ca\/wp-json\/wp\/v2\/categories?post=240"},{"taxonomy":"post_tag","embeddable":true,"href":"https:\/\/antropologia.umh.es\/ca\/wp-json\/wp\/v2\/tags?post=240"}],"curies":[{"name":"wp","href":"https:\/\/api.w.org\/{rel}","templated":true}]}}