{"id":328,"date":"2010-01-10T19:05:48","date_gmt":"2010-01-10T17:05:48","guid":{"rendered":"http:\/\/antropologia.zeus.umh.es\/?p=328"},"modified":"2010-01-10T19:05:48","modified_gmt":"2010-01-10T17:05:48","slug":"convocatoria-programa-sicue-de-movilidad-nacional-20102011","status":"publish","type":"post","link":"https:\/\/antropologia.umh.es\/ca\/2010\/01\/10\/convocatoria-programa-sicue-de-movilidad-nacional-20102011\/","title":{"rendered":"Convocatoria Programa SICUE de movilidad nacional 2010\/2011"},"content":{"rendered":"<p>El pr\u00f3ximo d\u00eda 26 de enero de 2010 se abrir\u00e1 la convocatoria del Programa de Movilidad Nacional SICUE.<br \/>\nLa Oficina de Relaciones Internacionales realizar\u00e1 charlas informativas con arreglo al siguiente calendario:<br \/>\nAltea, 14 de enero de 2010. Aula 1.2 \u00bf Aulario 10:30-11:30<br \/>\nSan Juan, 14 de enero de 2010. Aula 0.8 \u00bf Edificio 3 13:00-14:00<br \/>\nElche, 12 de enero de 2010. Aula 1.4. \u00bf Edificio Altabix 13:00-14:00<br \/>\nOrihuela (Desamparados), 13 de enero de 2010. Aula 1.5 \u00bf Edificio Tudemir 13:00-14:00<br \/>\nOrihuela (Salesas), 13 de enero de 2010. Aula 2.3 10:30-11:30<\/p>\n","protected":false},"excerpt":{"rendered":"<p>El pr\u00f3ximo d\u00eda 26 de enero de 2010 se abrir\u00e1 la convocatoria del Programa de Movilidad Nacional SICUE.<br \/>\nLa Oficina de Relaciones Internacionales realizar\u00e1 charlas informativas con arreglo al siguiente calendario:<br \/>\nAltea, 14 de enero de 2010. Aula 1.2 \u00bf Aulario 10:30-11:30<br \/>\nSan Juan, 14 de enero de 2010. Aula 0.8 \u00bf Edificio 3 13:00-14:00<br \/>\nElche, 12 de enero [&#8230;]<\/p>\n","protected":false},"author":642,"featured_media":0,"comment_status":"closed","ping_status":"open","sticky":false,"template":"","format":"standard","meta":{"_links_to":"","_links_to_target":""},"categories":[3126],"tags":[14,524],"_links":{"self":[{"href":"https:\/\/antropologia.umh.es\/ca\/wp-json\/wp\/v2\/posts\/328"}],"collection":[{"href":"https:\/\/antropologia.umh.es\/ca\/wp-json\/wp\/v2\/posts"}],"about":[{"href":"https:\/\/antropologia.umh.es\/ca\/wp-json\/wp\/v2\/types\/post"}],"author":[{"embeddable":true,"href":"https:\/\/antropologia.umh.es\/ca\/wp-json\/wp\/v2\/users\/642"}],"replies":[{"embeddable":true,"href":"https:\/\/antropologia.umh.es\/ca\/wp-json\/wp\/v2\/comments?post=328"}],"version-history":[{"count":0,"href":"https:\/\/antropologia.umh.es\/ca\/wp-json\/wp\/v2\/posts\/328\/revisions"}],"wp:attachment":[{"href":"https:\/\/antropologia.umh.es\/ca\/wp-json\/wp\/v2\/media?parent=328"}],"wp:term":[{"taxonomy":"category","embeddable":true,"href":"https:\/\/antropologia.umh.es\/ca\/wp-json\/wp\/v2\/categories?post=328"},{"taxonomy":"post_tag","embeddable":true,"href":"https:\/\/antropologia.umh.es\/ca\/wp-json\/wp\/v2\/tags?post=328"}],"curies":[{"name":"wp","href":"https:\/\/api.w.org\/{rel}","templated":true}]}}