{"id":331,"date":"2010-01-10T19:26:29","date_gmt":"2010-01-10T17:26:29","guid":{"rendered":"http:\/\/antropologia.zeus.umh.es\/?p=331"},"modified":"2010-01-10T19:26:29","modified_gmt":"2010-01-10T17:26:29","slug":"seminario-de-mieke-bal-en-el-cendeac-trabajar-con-conceptos","status":"publish","type":"post","link":"https:\/\/antropologia.umh.es\/ca\/2010\/01\/10\/seminario-de-mieke-bal-en-el-cendeac-trabajar-con-conceptos\/","title":{"rendered":"Seminario de Mieke Bal en el CENDEAC. Trabajar con conceptos"},"content":{"rendered":"<p>\u00a011, 12 y 13 de enero de 2010, 18:30 a 21:00 horas.<br \/>\nCENDEAC, C\/ Madre Elisea Oliver Molina, s\/n, Murcia<br \/>\n<a href=\"http:\/\/www.cendeac.net\/\">http:\/\/www.cendeac.net\/<\/a><\/p>\n<p>Este seminario de tres d\u00edas se centrar\u00e1 en mostrar de qu\u00e9 manera trabajar con conceptos puede ayudar a la comprensi\u00f3n del arte y a su funci\u00f3n en el mundo social. Cada sesi\u00f3n ir\u00e1 seguida por un peque\u00f1o debate. Como colof\u00f3n se podr\u00e1 hablar de M\u00e8re Folle, una pel\u00edcula que prepara Mieke Bal cuya \u00faltima escena ser\u00e1 rodada en Bullas despu\u00e9s del seminario.<br \/>\nSeminario co-organizado con la Universidad de Murcia, con posibilidad de reconocimiento de cr\u00e9ditos de libre configuraci\u00f3n de acuerdo con su normativa interna.<\/p>\n<p>Durante la primera sesi\u00f3n, Narraci\u00f3n intercultural, Mieke Bal presentar\u00e1 el itinerario de su propio trabajo a trav\u00e9s de un pensamiento conceptual en su relaci\u00f3n con una lectura y mirada cercana al arte, explicando de qu\u00e9 manera evolucion\u00f3 del estudio literario al an\u00e1lisis del arte y la creaci\u00f3n art\u00edstica. El concepto de focalizaci\u00f3n, que reside en el coraz\u00f3n de la teor\u00eda narrativa, es fundamentalmente un concepto visual, o al menos perceptual. Bal mostrar\u00e1 como sus primeros planteamientos sobre este concepto a\u00fan permanecen anclados en el sentido de las relaciones interculturales. Esta conferencia har\u00e1 un seguimiento a este itinerario desde sus principios acad\u00e9micos hasta sus proyectos m\u00e1s actuales. Para la preparaci\u00f3n de esta sesi\u00f3n se recomienda leer el primer cap\u00edtulo del libro Conceptos viajeros en las humanidades.<\/p>\n<p>Durante la segunda sesi\u00f3n, El afecto como medio, Bal se centrar\u00e1 en algunos conceptos que no ha tratado en su publicaci\u00f3n. En referencia a la monumental y, sin embargo, controvertida video-instalaci\u00f3n Where is where? (2008), de Eija-Liisa Ahtila, Bal propondr\u00e1 una serie de conceptos que ayudan a las Humanidades a convertirse en una ciencia interdisciplinar: afecto, medio, percepci\u00f3n, pol\u00edtica versus lo pol\u00edtico, teatralidad. Un an\u00e1lisis cercano a la imagen final de la parte principal de esta video-instalaci\u00f3n nos permite razonar a trav\u00e9s de la obra de arte, seguir sus argumentos en su funci\u00f3n como objeto te\u00f3rico y valorar el potencial del afecto como concepto central en un arte pol\u00edtico que permanece lejos de la propaganda e incluso de una tem\u00e1tica pol\u00edtica.<\/p>\n<p>Esta b\u00fasqueda de un arte pol\u00edtico, cuya tem\u00e1tica no es pol\u00edtica, se hace m\u00e1s patente en la tercera sesi\u00f3n, Serendipia: el milagro de estar donde est\u00e1s. En este caso aparece un concepto, la serendipia, que Bal descompondr\u00e1 para posteriormente analizar c\u00f3mo sus elementos contribuyen a una concepci\u00f3n del arte que es pol\u00edtica porque es abstracta, no a pesar de serlo. Aqu\u00ed, el eje central lo constituye la exposici\u00f3n del trabajo de una \u00fanica artista, Ann Veronica Janssens, y no una obra de arte de la misma. Adem\u00e1s de la serendipia, el marco conceptual incluye la innovaci\u00f3n y la abstracci\u00f3n.<\/p>\n<p>En conjunto, estas tres sesiones desarrollar\u00e1n una nueva l\u00ednea de pensamiento que surge a partir de Conceptos viajeros de las humanidades. Al final de cada sesi\u00f3n, los participantes podr\u00e1, seg\u00fan prefieran, continuar con la discusi\u00f3n, mostrar sus trabajos o plantear ideas que surjan del proyecto cinematogr\u00e1fico de la profesora Bal.<\/p>\n<p>Biograf\u00eda<\/p>\n<p>Mieke Bal es te\u00f3rica y cr\u00edtica cultural, profesora del Royal Netherlands Academy of Arts and Sciences (KNAW) y titular de la Amsterdam School for Cultural Analysis (ASCA), University of Amsterdam. Sus \u00e1reas de inter\u00e9s abarcan varios campos como la antig\u00fcedad b\u00edblica y cl\u00e1sica, el arte contempor\u00e1neo y la literatura moderna, el feminismo y la cultura migratoria. Sus trabajos publicados incluyen Conceptos viajeros en las humanidades (CENDEAC 2009), A Mieke Bal Reader (2006), Una casa para el sue\u00f1o de la raz\u00f3n (CENDEAC 2006), y Teor\u00eda de la narrativa (1985, ed. cast. 1987). Mieke Bal tambi\u00e9n es video-artista y su obra ha sido expuesta a nivel internacional. Sus documentos experimentales sobre la inmigraci\u00f3n incluyen A Thousand and One Days, Colony y la instalaci\u00f3n Nothing is Missing. Espor\u00e1dicamente realiza exposiciones como comisaria independiente.<br \/>\n<a href=\"http:\/\/www.miekebal.org\/\">www.miekebal.org<br \/>\n<\/a>M\u00e1s informaci\u00f3n e inscripciones en <a href=\"http:\/\/www.cendeac.net\/\">http:\/\/www.cendeac.net\/<\/a><\/p>\n","protected":false},"excerpt":{"rendered":"<p>\u00a011, 12 y 13 de enero de 2010, 18:30 a 21:00 horas.<br \/>\nCENDEAC, C\/ Madre Elisea Oliver Molina, s\/n, Murcia<br \/>\nhttp:\/\/www.cendeac.net\/<br \/>\nEste seminario de tres d\u00edas se centrar\u00e1 en mostrar de qu\u00e9 manera trabajar con conceptos puede ayudar a la comprensi\u00f3n del arte y a su funci\u00f3n en el mundo social. Cada sesi\u00f3n ir\u00e1 seguida por un peque\u00f1o [&#8230;]<\/p>\n","protected":false},"author":642,"featured_media":0,"comment_status":"closed","ping_status":"open","sticky":false,"template":"","format":"standard","meta":{"_links_to":"","_links_to_target":""},"categories":[507],"tags":[3051,78],"_links":{"self":[{"href":"https:\/\/antropologia.umh.es\/ca\/wp-json\/wp\/v2\/posts\/331"}],"collection":[{"href":"https:\/\/antropologia.umh.es\/ca\/wp-json\/wp\/v2\/posts"}],"about":[{"href":"https:\/\/antropologia.umh.es\/ca\/wp-json\/wp\/v2\/types\/post"}],"author":[{"embeddable":true,"href":"https:\/\/antropologia.umh.es\/ca\/wp-json\/wp\/v2\/users\/642"}],"replies":[{"embeddable":true,"href":"https:\/\/antropologia.umh.es\/ca\/wp-json\/wp\/v2\/comments?post=331"}],"version-history":[{"count":0,"href":"https:\/\/antropologia.umh.es\/ca\/wp-json\/wp\/v2\/posts\/331\/revisions"}],"wp:attachment":[{"href":"https:\/\/antropologia.umh.es\/ca\/wp-json\/wp\/v2\/media?parent=331"}],"wp:term":[{"taxonomy":"category","embeddable":true,"href":"https:\/\/antropologia.umh.es\/ca\/wp-json\/wp\/v2\/categories?post=331"},{"taxonomy":"post_tag","embeddable":true,"href":"https:\/\/antropologia.umh.es\/ca\/wp-json\/wp\/v2\/tags?post=331"}],"curies":[{"name":"wp","href":"https:\/\/api.w.org\/{rel}","templated":true}]}}