{"id":339,"date":"2010-01-16T17:16:10","date_gmt":"2010-01-16T15:16:10","guid":{"rendered":"http:\/\/antropologia.zeus.umh.es\/?p=339"},"modified":"2010-01-16T17:16:10","modified_gmt":"2010-01-16T15:16:10","slug":"aural-galeria-alicante-cuenta-con-una-nueva-galeria-dedicada-al-arte-contemporaneo","status":"publish","type":"post","link":"https:\/\/antropologia.umh.es\/ca\/2010\/01\/16\/aural-galeria-alicante-cuenta-con-una-nueva-galeria-dedicada-al-arte-contemporaneo\/","title":{"rendered":"AURAL GALER\u00cdA. Alicante cuenta con una nueva galer\u00eda dedicada al arte contempor\u00e1neo"},"content":{"rendered":"<p>Aural abri\u00f3 ayer sus puertas con el objetivo de situar a los creadores de la ciudad &#8220;dentro del contexto internacional&#8221;<\/p>\n<p>Link. \u00a0<a href=\"http:\/\/www.auralgaleria.com\">http:\/\/www.auralgaleria.com<\/a><\/p>\n<p><a href=\"https:\/\/antropologia.umh.es\/files\/2010\/01\/2010-01-23_img_2010-01-16_01_40_09__s6401_jpg.jpg\"><img loading=\"lazy\" class=\"aligncenter size-full wp-image-340\" src=\"https:\/\/antropologia.umh.es\/files\/2010\/01\/2010-01-23_img_2010-01-16_01_40_09__s6401_jpg.jpg\" alt=\"\" width=\"500\" height=\"287\" srcset=\"https:\/\/antropologia.umh.es\/files\/2010\/01\/2010-01-23_img_2010-01-16_01_40_09__s6401_jpg.jpg 646w, https:\/\/antropologia.umh.es\/files\/2010\/01\/2010-01-23_img_2010-01-16_01_40_09__s6401_jpg-300x172.jpg 300w\" sizes=\"(max-width: 500px) 100vw, 500px\" \/><\/a><\/p>\n<p style=\"margin-bottom: 0cm\">En una \u00e9poca como \u00e9sta, en la que la crisis dificulta todo tipo de actividad relacionada con el arte (varias galer\u00edas cerraron en 2009 despu\u00e9s de a\u00f1os de trabajo), Alicante acoge una nueva sala dedicada al arte contempor\u00e1neo, la galer\u00eda Aural. Situada en un emplazamiento destacado de la ciudad, en la calle Labradores del Casco Antiguo, la galer\u00eda nace con el objetivo de situar a los artistas alicantinos &#8220;dentro del contexto internacional&#8221;, seg\u00fan afirma Bego\u00f1a Deltell, art\u00edfice del proyecto.<\/p>\n<p style=\"margin-bottom: 0cm\">Deltell abri\u00f3 en 2001 su galer\u00eda en la calle Churruca, donde estuvo hasta 2007. Desde entonces, aunque sin sede f\u00edsica, ha seguido funcionando hasta ahora, cuando ha inaugurado la nueva sede en el n\u00famero 17 de la calle Labradores. &#8220;Llevaba dos a\u00f1os buscando un local, el problema es que est\u00e1n disparados de precio. He encontrado muchas dificultades. S\u00e9 que este no es el espacio m\u00e1s apto, pero era la posibilidad m\u00e1s factible&#8221;, afirma. Adem\u00e1s de contextualizar a los creadores de Alicante, la galerista considera que &#8220;el apartado pedag\u00f3gico es fundamental. Queremos que la ciudad tenga mucha actividad y para ello, el ciudadano se tiene que sentir involucrado&#8221;.<\/p>\n<p style=\"margin-bottom: 0cm\"><!--more-->La primera muestra de Aural es &#8220;Toys and stories. Arte como juego, juego como arte&#8221;, que se inaugura hoy a las 20.30 horas. En ella participan 14 artistas, algunos de ellos llegados desde pa\u00edses como China, Hawai o Chile. Entre ellos tambi\u00e9n se encuentra el alicantino Cayetano Ferr\u00e1ndez. Juan Olivares, de Valencia, es otro de los artistas que participa. &#8220;Esta galer\u00eda es un proyecto valiente y arriesgado porque el arte contempor\u00e1neo no ten\u00eda ning\u00fan espacio en Alicante&#8221;.<\/p>\n<p style=\"margin-bottom: 0cm\">En la exposici\u00f3n tambi\u00e9n interviene Juan Jos\u00e9 Mart\u00edn. Los trabajos de Mart\u00edn se han podido ver anteriormente en otras salas de la provincia, como Centro 14 de Alicante o L&#8217;Escorxador de Elche. &#8220;Es una noticia muy importante para Alicante. En tiempos de crisis, la gente tiene m\u00e1s tiempo para realizar actividades gratuitas, aunque tambi\u00e9n es m\u00e1s dif\u00edcil que adquieran obras de arte&#8221;, sentencia Mart\u00edn.<\/p>\n<p style=\"margin-bottom: 0cm\">Una de las personas que m\u00e1s se ha implicado con la iniciativa ha sido el arquitecto Jos\u00e9 Manuel Gim\u00e9nez. &#8220;Part\u00edamos de un local muy irregular, pero hemos buscado la parte positiva: diferenciar los espacios, jugar con las alturas, utilizar techos falsos&#8230; Aprovechamos el espacio y apostamos por la sencillez, con paredes blancas y suelos discretos&#8221;.<\/p>\n<p style=\"margin-bottom: 0cm\">Dentro de las propuestas con las que nace la nueve sede de la galaer\u00eda Aural, destaca la idea de llevar a cabo laboratorios de arte, como el que se har\u00e1 con la exposici\u00f3n colectiva &#8220;Toys and stories&#8221;, que tendr\u00e1 lugar entre hoy y el 13 de febrero. Los laboratorios se desarrollar\u00e1n de 11 a 13 horas los domingos 31 de enero y 6 de febrero en la plaza San Crist\u00f3bal. Estas propuestas est\u00e1n destinadas a todos los p\u00fablicos, de hecho hay promociones y descuentos para las familias que quieran inscribirse.<\/p>\n<p style=\"margin-bottom: 0cm\">El requisito para participar en los talleres es traer un juguete roto o inservible y la cuota de inscripci\u00f3n es de 10 euros. Una de las novedades que aporta Aural es que el 40 por ciento de la cuota se destinar\u00e1 a comprar obras. &#8220;Los que nos dedicamos al arte tenemos que colaborar unos con otros, no trabajar en solitario. Debemos estar interconectados&#8221;, destaca Deltell.<\/p>\n<p style=\"margin-bottom: 0cm\">La directora del proyecto ser\u00e1 Amparo Alonso, profesora de la facultad de Educaci\u00f3n en magisterio de la Universidad de Alicante y licenciada en Bellas Artes por la facultad de BBAA de Altea. La finalidad del laboratorio es crear una escultura-juguete a partir de materiales reciclados obtenidos de juguetes en desuso y, entre otros objetivos, se pretende que los alumnos sean capaces de construir un producto sin boceto previo.<\/p>\n","protected":false},"excerpt":{"rendered":"<p>Aural abri\u00f3 ayer sus puertas con el objetivo de situar a los creadores de la ciudad &#8220;dentro del contexto internacional&#8221;<br \/>\nLink. \u00a0http:\/\/www.auralgaleria.com<\/p>\n<p>En una \u00e9poca como \u00e9sta, en la que la crisis dificulta todo tipo de actividad relacionada con el arte (varias galer\u00edas cerraron en 2009 despu\u00e9s de a\u00f1os de trabajo), Alicante acoge una nueva sala dedicada [&#8230;]<\/p>\n","protected":false},"author":642,"featured_media":0,"comment_status":"closed","ping_status":"open","sticky":false,"template":"","format":"standard","meta":{"_links_to":"","_links_to_target":""},"categories":[4],"tags":[3051,3148,357,3225],"_links":{"self":[{"href":"https:\/\/antropologia.umh.es\/ca\/wp-json\/wp\/v2\/posts\/339"}],"collection":[{"href":"https:\/\/antropologia.umh.es\/ca\/wp-json\/wp\/v2\/posts"}],"about":[{"href":"https:\/\/antropologia.umh.es\/ca\/wp-json\/wp\/v2\/types\/post"}],"author":[{"embeddable":true,"href":"https:\/\/antropologia.umh.es\/ca\/wp-json\/wp\/v2\/users\/642"}],"replies":[{"embeddable":true,"href":"https:\/\/antropologia.umh.es\/ca\/wp-json\/wp\/v2\/comments?post=339"}],"version-history":[{"count":0,"href":"https:\/\/antropologia.umh.es\/ca\/wp-json\/wp\/v2\/posts\/339\/revisions"}],"wp:attachment":[{"href":"https:\/\/antropologia.umh.es\/ca\/wp-json\/wp\/v2\/media?parent=339"}],"wp:term":[{"taxonomy":"category","embeddable":true,"href":"https:\/\/antropologia.umh.es\/ca\/wp-json\/wp\/v2\/categories?post=339"},{"taxonomy":"post_tag","embeddable":true,"href":"https:\/\/antropologia.umh.es\/ca\/wp-json\/wp\/v2\/tags?post=339"}],"curies":[{"name":"wp","href":"https:\/\/api.w.org\/{rel}","templated":true}]}}