{"id":422,"date":"2010-04-30T12:10:25","date_gmt":"2010-04-30T10:10:25","guid":{"rendered":"http:\/\/antropologia.zeus.umh.es\/?p=422"},"modified":"2010-04-30T12:10:25","modified_gmt":"2010-04-30T10:10:25","slug":"presentacion-blog-del-laboratorio-de-antropologia-audiovisual-umh","status":"publish","type":"post","link":"https:\/\/antropologia.umh.es\/ca\/2010\/04\/30\/presentacion-blog-del-laboratorio-de-antropologia-audiovisual-umh\/","title":{"rendered":"Presentaci\u00f3n Blog del Laboratorio de Antropolog\u00eda Audiovisual UMH"},"content":{"rendered":"<p>Hola compa\u00f1er@s os escribo este comunicado para informaros que el d\u00eda 3 de Mayo se realizar\u00e1 la presentaci\u00f3n del blog de antropolog\u00eda audiovisual a las 16:00 en el Aula 0.2 .<\/p>\n<p>Se pretende exponer su contenido e iniciativas, haciendo un recorrido por las diversas categor\u00edas y mostrar el visionado del acervo documental que actualmente est\u00e1 en construcci\u00f3n.<\/p>\n<p>Os invito a participar tanto en la presentaci\u00f3n como a colaborar en el blog del laboratorio de antropolog\u00eda audiovisual con vuestras opiniones y aportaciones, para abrir as\u00ed el campo de conocimiento de ese gran mundo que es la antropolog\u00eda.<\/p>\n<p>Si quer\u00e9is visitar la p\u00e1gina y colaborar est\u00e1 es la direcci\u00f3n y mi email:<\/p>\n<p><a href=\"http:\/\/blogs.umh.es\/laboratoriodeantropologiaaudiovisual\">http:\/\/blogs.umh.es\/laboratoriodeantropologiaaudiovisual<\/a><\/p>\n<p><span style=\"font-family: Calibri;font-size: small\"><a href=\"mailto:isabel.ferrandez02@alu.umh.es\">isabel.ferrandez02@alu.umh.es<\/a><\/span><\/p>\n","protected":false},"excerpt":{"rendered":"<p>Hola compa\u00f1er@s os escribo este comunicado para informaros que el d\u00eda 3 de Mayo se realizar\u00e1 la presentaci\u00f3n del blog de antropolog\u00eda audiovisual a las 16:00 en el Aula 0.2 .<br \/>\nSe pretende exponer su contenido e iniciativas, haciendo un recorrido por las diversas categor\u00edas y mostrar el visionado del acervo documental que actualmente est\u00e1 en [&#8230;]<\/p>\n","protected":false},"author":642,"featured_media":0,"comment_status":"closed","ping_status":"open","sticky":false,"template":"","format":"standard","meta":{"_links_to":"","_links_to_target":""},"categories":[507],"tags":[],"_links":{"self":[{"href":"https:\/\/antropologia.umh.es\/ca\/wp-json\/wp\/v2\/posts\/422"}],"collection":[{"href":"https:\/\/antropologia.umh.es\/ca\/wp-json\/wp\/v2\/posts"}],"about":[{"href":"https:\/\/antropologia.umh.es\/ca\/wp-json\/wp\/v2\/types\/post"}],"author":[{"embeddable":true,"href":"https:\/\/antropologia.umh.es\/ca\/wp-json\/wp\/v2\/users\/642"}],"replies":[{"embeddable":true,"href":"https:\/\/antropologia.umh.es\/ca\/wp-json\/wp\/v2\/comments?post=422"}],"version-history":[{"count":0,"href":"https:\/\/antropologia.umh.es\/ca\/wp-json\/wp\/v2\/posts\/422\/revisions"}],"wp:attachment":[{"href":"https:\/\/antropologia.umh.es\/ca\/wp-json\/wp\/v2\/media?parent=422"}],"wp:term":[{"taxonomy":"category","embeddable":true,"href":"https:\/\/antropologia.umh.es\/ca\/wp-json\/wp\/v2\/categories?post=422"},{"taxonomy":"post_tag","embeddable":true,"href":"https:\/\/antropologia.umh.es\/ca\/wp-json\/wp\/v2\/tags?post=422"}],"curies":[{"name":"wp","href":"https:\/\/api.w.org\/{rel}","templated":true}]}}