{"id":435,"date":"2010-10-07T19:46:20","date_gmt":"2010-10-07T17:46:20","guid":{"rendered":"http:\/\/antropologia.zeus.umh.es\/?p=435"},"modified":"2010-10-07T19:46:20","modified_gmt":"2010-10-07T17:46:20","slug":"xii-congreso-de-antropologia-de-la-federacion-de-asociaciones-de-antropologia-del-estado-espanol-faa-ee","status":"publish","type":"post","link":"https:\/\/antropologia.umh.es\/ca\/2010\/10\/07\/xii-congreso-de-antropologia-de-la-federacion-de-asociaciones-de-antropologia-del-estado-espanol-faa-ee\/","title":{"rendered":"XII CONGRESO DE ANTROPOLOG\u00cdA DE LA FEDERACI\u00d3N DE ASOCIACIONES DE ANTROPOLOG\u00cdA DEL ESTADO ESPA\u00d1OL (F.A.A .E.E)"},"content":{"rendered":"<p><strong><\/strong><\/p>\n<p><strong><\/strong><\/p>\n<p><strong><\/strong><\/p>\n<p><strong><\/strong><\/p>\n<p style=\"text-align: center\"><strong>\u201cLUGARES, TIEMPOS, MEMORIAS. LA ANTROPOLOG\u00cdA IB\u00c9RICA EN EL SIGLO XXI.\u201d<\/strong>\u00a0<\/p>\n<p style=\"text-align: center\">\u00a0M\u00e1s informaci\u00f3n: <a href=\"http:\/\/www.antropologiacastillayleon.org\/congreso\/index.htm\">http:\/\/www.antropologiacastillayleon.org\/congreso\/index.htm<\/a><\/p>\n<p style=\"text-align: center\"><strong><\/strong><\/p>\n<p style=\"text-align: center\"><strong><a href=\"http:\/\/www.antropologiacastillayleon.org\/congreso\/index.htm\"><img loading=\"lazy\" class=\"size-medium wp-image-436 aligncenter\" src=\"https:\/\/antropologia.umh.es\/files\/2010\/06\/logo-213x300.gif\" alt=\"\" width=\"213\" height=\"300\" srcset=\"https:\/\/antropologia.umh.es\/files\/2010\/06\/logo-213x300.gif 213w, https:\/\/antropologia.umh.es\/files\/2010\/06\/logo.gif 234w\" sizes=\"(max-width: 213px) 100vw, 213px\" \/><\/a><\/strong><\/p>\n<p><strong>SIMPOSIOS:<\/strong><\/p>\n<p><strong>Antropolog\u00eda de la alimentaci\u00f3n: Espacios, memorias, paisajes.<\/strong><br \/>\nCoordinan: Lu\u00eds Cantarero (Universidad de Zaragoza, IAA); F. Xavier Medina (Universitat<br \/>\nOberta de Catalunya, ICA).<\/p>\n<p><strong>Ciudades y ciudadan\u00eda: entre el escaparate global y la experiencia del lugar.<\/strong><br \/>\nCoordinan: Gaspar Maza Guti\u00e9rrez (Universitat Rovira i Virgili, ICA); Albert Moncus\u00ed Ferr\u00e9<br \/>\n(Universitat de Val\u00e8ncia, AVA).<\/p>\n<p><strong>De la medicina popular a la atenci\u00f3n primaria: El pluralismo asistencial y la antropolog\u00eda m\u00e9dica espa\u00f1ola (1980-2011).<\/strong><br \/>\nCoordinan: Josep M. Comelles (Universitat Rovira i Virgili); Jos\u00e9 M. Uribe Oyarbide<br \/>\n(Universidad P\u00fablica de Navarra, AACyL Michael Kenny); Purificaci\u00f3n Heras (Universidad<br \/>\nMiguel Hern\u00e1ndez, AVA).<\/p>\n<p><strong>El sentido de la Antropolog\u00eda hoy: responsabilidades, dilemas y acciones.<\/strong><br \/>\nCoordinan: Sonia Cajade Fr\u00edas (Universidad Complutense de Madrid); Ester Mass\u00f3 Guijarro<br \/>\n(Instituto de Filosof\u00eda-Consejo Superior de Investigaciones Cient\u00edficas); Sandra Santos Fraile<br \/>\n(Universidad de Barcelona, ICA).<\/p>\n<p><strong>Etnografiando resistencias.<\/strong><br \/>\nCoordinan: Jone Miren Hern\u00e1ndez Garc\u00eda (Universidad de Pa\u00eds Vasco\/Euskal Herriko<br \/>\nUnibertsitatea, ANKULEGI); Carmen Gregorio Gil (Universidad de Granada, ASANA); Txemi<br \/>\nApaolaza Beraza (Universidad de Pa\u00eds Vasco\/Euskal Herriko Unibertsitatea, ANKULEGI).<\/p>\n<p><strong>Etnograf\u00edas contempor\u00e1neas de las violencias pol\u00edticas: Memoria, olvido, justicia.<\/strong><br \/>\nCoordinan: Aitzpea Leizaola Ega\u00f1a (Universidad del Pa\u00eds Vasco\/Euskal Herriko Unibertsitatea,<br \/>\nANKULEGI); Francisco Ferr\u00e1ndiz Mart\u00edn (Consejo Superior de Investigaciones Cient\u00edficas);<br \/>\nMar\u00eda Garc\u00eda Alonso (Universidad Nacional de Educaci\u00f3n a Distancia).<\/p>\n<p><strong>Horizontes de la antropolog\u00eda del y para el desarrollo en el Estado espa\u00f1ol.<\/strong><br \/>\nCoordinan: M\u00f2nica Mart\u00ednez Mauri (Universitat de Lleida \u2013 Universitat Aut\u00f2noma de Barcelona,<br \/>\nICA); Cristina Larrea Killinger (Universitat de Barcelona, ICA).<\/p>\n<p><strong>In-corporaciones antropol\u00f3gicas: an\u00e1lisis desde el cuerpo y las emociones.<\/strong><br \/>\nCoordinan: Mari Luz Esteban Galarza (Universidad del Pa\u00eds Vasco\/Euskal Herriko<br \/>\nUnibertsitatea, ANKULEGI); Juan Antonio Flores Martos (Universidad de Castilla-La Mancha);<br \/>\nJuli\u00e1n L\u00f3pez Garc\u00eda (Universidad Nacional de Educaci\u00f3n a Distancia).<\/p>\n<p><strong>Hacia la inmaterialidad del patrimonio. Pol\u00edtica, cultura y conflicto en la producci\u00f3n del patrimonio inmaterial.<\/strong><br \/>\nCoordinan: I\u00f1aki Arrieta Urtizberea (ANKULEGI); Eliseu Carbonell (ICRPC); Esther Fern\u00e1ndez de Paz (ASANA); Camila del M\u00e1rmol (Universidad de Barcelona).<\/p>\n<p><strong><!--more-->Re-construyendo el territorio: de las formas de apropiaci\u00f3n local a la participaci\u00f3n en las nuevas pol\u00edticas p\u00fablicas.<\/strong><br \/>\nCoordinan: Jos\u00e9 J. Pascual Fern\u00e1ndez (Universidad de La Laguna, ACA); Javier Escalera Reyes<br \/>\n(Universidad Pablo Olavide, ASANA).<\/p>\n<p><strong>Rituales y cambios sociales.<\/strong><br \/>\nCoordinan: Juan Agudo Torrico (Universidad de Sevilla, ASANA); Celeste Jim\u00e9nez de<br \/>\nMadariaga (Universidad de Huelva, ASANA).<\/p>\n<p><strong>Turismo, patrimonio e identidad. Un intercambio narrativo.<\/strong><br \/>\nCoordinan: Lloren\u00e7 Prats (Universitat de Barcelona, ICA); Agust\u00edn Santana (Universidad de La<br \/>\nLaguna, ACA).<\/p>\n<p><strong>MESAS DE TRABAJO:<\/strong>Coordinan: Jos\u00e9 Ignacio Monteagudo (Seminario de Estudios Interdisciplinares sobre Cultura<br \/>\nEscrita, Universidad de Alcal\u00e1, AACyL Michael Kenny); Pedro Araya (Institut Interdisciplinaire<br \/>\nd\u2019Anthropologie du Contemporain, CNRS-EHESS); Andr\u00e9a Pav\u00e3o (Instituto de Educa\u00e7\u00e3o de<br \/>\nAngra dos Reis, Universidade Federal Fluminense).<\/p>\n<p>Antropolog\u00eda, memoria y cultura escrita.<\/p>\n<p><strong>Antropolog\u00eda y nuevas ruralidades.<\/strong><br \/>\nCoordinan: Xerardo Pereiro (Universidade de Tr\u00e1s-os-Montes e Alto Douro, AGANTRO);<br \/>\nSantiago Prado Conde (Grupo EMIGRA-Universitat Aut\u00f2noma de Barcelona \/ Museo<br \/>\nEtnol\u00f3xico, Ribadavia- Ourense, AGANTRO); Sharon Roseman (Memorial University of<br \/>\nNewfoundland, Canad\u00e1).<\/p>\n<p><strong>Aproximaciones a una antropolog\u00eda (de la) pol\u00edtica.<\/strong><br \/>\nCoordinan: Jos\u00e9 Antonio Fern\u00e1ndez de Rota (Universidade da Coru\u00f1a); Ant\u00f3n Fern\u00e1ndez de<br \/>\nRota Irim\u00eda (Universidade da Coru\u00f1a, AGRANTO).<\/p>\n<p><strong>(Des) Memorias colectivas como se\u00f1as de identidad: contribuciones etnogr\u00e1ficas, etnohist\u00f3ricas y etnol\u00f3gicas-comparativas de Espa\u00f1a y Latinoam\u00e9rica.<\/strong><br \/>\nCoordinan: Christiane Stallaert (Universidad Cat\u00f3lica de Lovaina); Gunther Dietz (Universidad<br \/>\nVeracruzana, M\u00e9xico \u2013ASANA).<\/p>\n<p><strong>Dilemas de la consolidaci\u00f3n de la Antropolog\u00eda de la Educaci\u00f3n en Espa\u00f1a: nuevos tiempos, nuevos lugares.<\/strong><br \/>\nCoordinan: Pilar Cucal\u00f3n Tirado (Consejo Superior de Investigaciones Cient\u00edficas); Laura<br \/>\nMart\u00ednez Alamillo (Universidad Complutense de Madrid); Cris Molins-Pueyo (Grupo EMIGRA-<br \/>\nUniversitat Aut\u00f2noma de Barcelona, ICA); Mar\u00eda Rubio (Instituto de Migraciones-Universidad<br \/>\nde Granada).<\/p>\n<p><strong>Historia de la Antropolog\u00eda Ib\u00e9rica y su perspectiva cr\u00edtica.<\/strong><br \/>\nCoordinan: Jos\u00e9-Lu\u00eds Anta Feliz (Universidad de Ja\u00e9n, AACyL Michael Kenny); Lu\u00eds \u00c1lvarez<br \/>\nMun\u00e1rriz (Universidad de Murcia); Antonio Motta (Universidad Federal de Pernambuco,<br \/>\nBrasil).<\/p>\n<p><strong>La reutilizaci\u00f3n de pr\u00e1cticas, objetos y narrativas culturales: pol\u00edticas y mercados de cultura.<\/strong><br \/>\nCoordinan: M\u00f3nica Cornejo Valle (Universidad Complutense de Madrid, ANKULEGI); Consuelo<br \/>\n\u00c1lvarez Plaza (Universidad Complutense de Madrid).<\/p>\n<p><strong>La vivienda desde una perspectiva antropol\u00f3gica.<\/strong><br \/>\nCoordinan: Irene Sabat\u00e9 (Universitat de Barcelona); Teresa Tapada (Universitat Aut\u00f2noma de<br \/>\nBarcelona); Mikel Aramburu (Universitat Aut\u00f3noma de Barcelona).<\/p>\n<p><strong>Lugares, tiempos y memorias en la cultura tradicional leonesa.<br \/>\n<\/strong>Coordinan: Jos\u00e9 Lu\u00eds Gonz\u00e1lez Arpide (Universidad de Le\u00f3n, AACyL Michael Kenny); Jos\u00e9<br \/>\nRam\u00f3n Ortiz del Cueto (Museo Etnogr\u00e1fico Provincial, Le\u00f3n).<\/p>\n<p><strong>Memorias sensoriales de tiempos, encuentros y lugares.<\/strong><br \/>\nCoordinan: Nuria Cano Su\u00f1en (Universidad del Pa\u00eds Vasco\/Euskal Herriko Unibertsitatea,<br \/>\nANKULEGI); Diana Mata Codesal (Sussex Centre for Migration Research, Universidad de<br \/>\nSussex).<br \/>\n<strong><br \/>\nPasado y futuro del presente etnogr\u00e1fico.<br \/>\n<\/strong>Coordinan: Montserrat Clua (Universitat Aut\u00f2noma de Barcelona); Sabine Kradolfer<br \/>\n(Universidad Nacional de R\u00edo Negro, Argentina); Maite Ojeda (Universitat Pompeu Fabra).<\/p>\n<p><strong>Religiones en movimiento. Deslocalizaci\u00f3n, transnacionalidad y neoetnicidad entre las comunidades musulmanas en Espa\u00f1a.<\/strong><br \/>\nCoordinan: Sol Tarr\u00e9s (Universidad de Huelva, ASANA); Jordi Moreras (Universidad Rovira i<br \/>\nVirgili).<\/p>\n<p>Se abre el periodo de presentaci\u00f3n de propuestas de comunicaci\u00f3n tanto a Simposios como a<br \/>\nMesas de Trabajo.<\/p>\n<p>En la Web oficial del Congreso <a href=\"http:\/\/www.antropologiacastillayleon.org\/\">http:\/\/www.antropologiacastillayleon.org\/ <\/a>se puede encontrar<br \/>\ntoda la informaci\u00f3n detallada, as\u00ed como el planteamiento y direcciones de contacto de los<br \/>\ncoordinadores de cada Simposio o Mesa de Trabajo, a quienes se tienen que dirigir las<br \/>\npropuestas de comunicaciones.<\/p>\n<p>Dicha propuesta deber\u00e1 incluir: Simposio o Mesa al que se presenta, T\u00edtulo de la comunicaci\u00f3n, nombre y apellidos del autor o autora, instituci\u00f3n de procedencia, direcci\u00f3n postal, tel\u00e9fono y e-mail. En el caso de que la autor\u00eda corresponda a varias personas figurar\u00e1n los datos de contacto de, al menos, una de ellas. La propuesta ir\u00e1 acompa\u00f1ada de un resumen de 300 palabras. Podr\u00e1n presentarse un m\u00e1ximo de dos comunicaciones por autor.<\/p>\n<p>La fecha l\u00edmite de recepci\u00f3n de res\u00famenes finaliza el 15 de octubre de 2010.<\/p>\n<p>De acuerdo con lo previsto por la organizaci\u00f3n del Congreso, se admitir\u00e1n 15 comunicaciones por sesi\u00f3n. Una vez que los coordinadores hayan confirmado la aceptaci\u00f3n de las comunicaciones a los interesados, el texto definitivo deber\u00e1 ser remitido a los mismos coordinadores en la fecha l\u00edmite del 1 de marzo de 2011.<br \/>\nCon la finalidad de homogeneizar los textos y facilitar el trabajo de publicaci\u00f3n, las comunicaciones deber\u00e1n atenerse estrictamente al formato que aparece detallado en la web del congreso.<\/p>\n<p>La aceptaci\u00f3n definitiva de las comunicaciones y su inclusi\u00f3n en las actas estar\u00e1 supeditada a la confirmaci\u00f3n de la inscripci\u00f3n de los autores en el Congreso, y su participaci\u00f3n en el mismo.<\/p>\n<p><strong>P\u00d3STERES:<\/strong><\/p>\n<p>Adem\u00e1s de los Simposios y Mesas de trabajo rese\u00f1ados, el XII Congreso de Antropolog\u00eda acoger\u00e1 una sesi\u00f3n de p\u00f3steres relacionados con el tema general del congreso, \u201cLugares, tiempos, memorias. La Antropolog\u00eda Ib\u00e9rica en el siglo XXI\u201d.<\/p>\n<p>Los P\u00f3steres estar\u00e1n expuestos durante el congreso; aquellos cuyas propuestas hayan sido aceptadas podr\u00e1n presentar sus trabajos a los congresistas interesados, en la sesi\u00f3n prevista a tal efecto.<\/p>\n<p>El tiempo y forma de env\u00edo de propuestas de p\u00f3ster, ser\u00e1 el mismo que el de los simposios y mesas de trabajo y se enviar\u00e1n, haciendo constar claramente que se trata de una propuesta de p\u00f3ster, a la direcci\u00f3n siguiente: umvielo@hotmail.com<\/p>\n<p>En la p\u00e1gina web del congreso se dar\u00e1n indicaciones para su realizaci\u00f3n, tama\u00f1o, etc.<\/p>\n<p>Por \u00faltimo, os comunicamos que en breve abriremos el plazo de inscripci\u00f3n al Congreso y os recordamos que en la web oficial http:\/\/www.antropologiacastillayleon.org\/ encontrar\u00e9is toda la informaci\u00f3n actualizada.<\/p>\n<p><a href=\"http:\/\/www.antropologiacastillayleon.org\/pdfsimposios\/El%20sentido%20de%20la%20Antropologia%20hoy.pdf\">Simposio PDF<\/a><\/p>\n<p><a href=\"http:\/\/www.antropologiacastillayleon.org\/congreso\/\">Congreso<\/a><\/p>\n","protected":false},"excerpt":{"rendered":"<p>\u201cLUGARES, TIEMPOS, MEMORIAS. LA ANTROPOLOG\u00cdA IB\u00c9RICA EN EL SIGLO XXI.\u201d\u00a0<br \/>\n\u00a0M\u00e1s informaci\u00f3n: http:\/\/www.antropologiacastillayleon.org\/congreso\/index.htm<\/p>\n<p>SIMPOSIOS:<br \/>\nAntropolog\u00eda de la alimentaci\u00f3n: Espacios, memorias, paisajes.<br \/>\nCoordinan: Lu\u00eds Cantarero (Universidad de Zaragoza, IAA); F. Xavier Medina (Universitat<br \/>\nOberta de Catalunya, ICA).<br \/>\nCiudades y ciudadan\u00eda: entre el escaparate global y la experiencia del lugar.<br \/>\nCoordinan: Gaspar Maza Guti\u00e9rrez (Universitat Rovira i Virgili, ICA); Albert Moncus\u00ed Ferr\u00e9<br \/>\n(Universitat de Val\u00e8ncia, [&#8230;]<\/p>\n","protected":false},"author":642,"featured_media":0,"comment_status":"closed","ping_status":"open","sticky":false,"template":"","format":"standard","meta":{"_links_to":"","_links_to_target":""},"categories":[4],"tags":[],"_links":{"self":[{"href":"https:\/\/antropologia.umh.es\/ca\/wp-json\/wp\/v2\/posts\/435"}],"collection":[{"href":"https:\/\/antropologia.umh.es\/ca\/wp-json\/wp\/v2\/posts"}],"about":[{"href":"https:\/\/antropologia.umh.es\/ca\/wp-json\/wp\/v2\/types\/post"}],"author":[{"embeddable":true,"href":"https:\/\/antropologia.umh.es\/ca\/wp-json\/wp\/v2\/users\/642"}],"replies":[{"embeddable":true,"href":"https:\/\/antropologia.umh.es\/ca\/wp-json\/wp\/v2\/comments?post=435"}],"version-history":[{"count":0,"href":"https:\/\/antropologia.umh.es\/ca\/wp-json\/wp\/v2\/posts\/435\/revisions"}],"wp:attachment":[{"href":"https:\/\/antropologia.umh.es\/ca\/wp-json\/wp\/v2\/media?parent=435"}],"wp:term":[{"taxonomy":"category","embeddable":true,"href":"https:\/\/antropologia.umh.es\/ca\/wp-json\/wp\/v2\/categories?post=435"},{"taxonomy":"post_tag","embeddable":true,"href":"https:\/\/antropologia.umh.es\/ca\/wp-json\/wp\/v2\/tags?post=435"}],"curies":[{"name":"wp","href":"https:\/\/api.w.org\/{rel}","templated":true}]}}