{"id":453,"date":"2010-09-27T16:51:17","date_gmt":"2010-09-27T14:51:17","guid":{"rendered":"http:\/\/antropologia.zeus.umh.es\/?p=453"},"modified":"2010-09-27T16:51:17","modified_gmt":"2010-09-27T14:51:17","slug":"simposio-petroglifos-del-ecuador","status":"publish","type":"post","link":"https:\/\/antropologia.umh.es\/ca\/2010\/09\/27\/simposio-petroglifos-del-ecuador\/","title":{"rendered":"Simposio Petroglifos del Ecuador"},"content":{"rendered":"<p style=\"text-align: center\"><span style=\"font-family: Arial\"><strong><a href=\"https:\/\/antropologia.umh.es\/files\/2010\/09\/petroglifos1.jpg\"><img loading=\"lazy\" class=\"alignnone size-medium wp-image-454\" src=\"https:\/\/antropologia.umh.es\/files\/2010\/09\/petroglifos1.jpg\" alt=\"\" width=\"278\" height=\"290\" \/><\/a><br \/>\nLugar:<\/strong> Quito, Ecuador<br \/>\n<strong>Fecha:<\/strong> 4 a 8 de octubre de 2010<\/span><\/p>\n<p>Ernesto Salazar (PUCE) y Josefina V\u00e1squez (USFQ), coordinadores<\/p>\n<p>Se convoca a inscripci\u00f3n de ponencias las mismas que deben llevar el t\u00edtulo de la misma, el nombre o nombres de los autores, afiliaci\u00f3n institucional, email o direcci\u00f3n de los ponentes, y un breve resumen de la ponencia (abstract).<\/p>\n<p>Se ha reservado una tarde del simposio para la presentaci\u00f3n de videos, para cuya inscripci\u00f3n se dar\u00e1n los mismos datos que para las ponencias.<\/p>\n<p>Las contribuciones fotogr\u00e1ficas para la exposici\u00f3n de petroglifos deben venir en formato TIFF, blanco\/negro o color, y ser susceptibles de ampliaci\u00f3n clara y bien definida para un formato de 40-50 cm. de lado. Deben venir acompa\u00f1adas de una breve leyenda, cr\u00e9dito fotogr\u00e1fico (autor), y una referencia geogr\u00e1fica de ubicaci\u00f3n muy general, i.e. provincia o cant\u00f3n solamente.<\/p>\n<p>El plazo m\u00e1ximo para la inscripci\u00f3n de estas intervenciones ser\u00e1 el 10 de septiembre de 2010; excepto las fotografias cuyo plazo es el 1 de septiembre.<\/p>\n<p><strong>Informaci\u00f3n:<\/strong><\/p>\n<p>Laboratorio de Arqueolog\u00eda, Centro Cultural PUCE, 2 piso, tel. 2991-700, ext. 1434<\/p>\n<p>Coordinadores: J. V\u00e1squez ( <a href=\"mailto:jvasquez@usfq.edu.ec\">jvasquez@usfq.edu.ec<\/a>), E. Salazar ( <a href=\"mailto:esalazar@puce.edu.ec\">esalazar@puce.edu.ec<\/a>)<br \/>\nExposici\u00f3n fotogr\u00e1fica: Gaby Costa ( <a href=\"mailto:gmcosta@puce.edu.ec\">gmcosta@puce.edu.ec<\/a>).<\/p>\n<p><a href=\"http:\/\/www.arqueo-ecuatoriana.ec\/en\/news\/exhibitions-and-events\/1095-simposio-petroglifos-del-ecuador\">+ info<\/a><\/p>\n","protected":false},"excerpt":{"rendered":"<p>Lugar: Quito, Ecuador<br \/>\nFecha: 4 a 8 de octubre de 2010<br \/>\nErnesto Salazar (PUCE) y Josefina V\u00e1squez (USFQ), coordinadores<br \/>\nSe convoca a inscripci\u00f3n de ponencias las mismas que deben llevar el t\u00edtulo de la misma, el nombre o nombres de los autores, afiliaci\u00f3n institucional, email o direcci\u00f3n de los ponentes, y un breve resumen de la ponencia (abstract).<br \/>\nSe [&#8230;]<\/p>\n","protected":false},"author":642,"featured_media":0,"comment_status":"closed","ping_status":"open","sticky":false,"template":"","format":"standard","meta":{"_links_to":"","_links_to_target":""},"categories":[4],"tags":[3145,2070],"_links":{"self":[{"href":"https:\/\/antropologia.umh.es\/ca\/wp-json\/wp\/v2\/posts\/453"}],"collection":[{"href":"https:\/\/antropologia.umh.es\/ca\/wp-json\/wp\/v2\/posts"}],"about":[{"href":"https:\/\/antropologia.umh.es\/ca\/wp-json\/wp\/v2\/types\/post"}],"author":[{"embeddable":true,"href":"https:\/\/antropologia.umh.es\/ca\/wp-json\/wp\/v2\/users\/642"}],"replies":[{"embeddable":true,"href":"https:\/\/antropologia.umh.es\/ca\/wp-json\/wp\/v2\/comments?post=453"}],"version-history":[{"count":0,"href":"https:\/\/antropologia.umh.es\/ca\/wp-json\/wp\/v2\/posts\/453\/revisions"}],"wp:attachment":[{"href":"https:\/\/antropologia.umh.es\/ca\/wp-json\/wp\/v2\/media?parent=453"}],"wp:term":[{"taxonomy":"category","embeddable":true,"href":"https:\/\/antropologia.umh.es\/ca\/wp-json\/wp\/v2\/categories?post=453"},{"taxonomy":"post_tag","embeddable":true,"href":"https:\/\/antropologia.umh.es\/ca\/wp-json\/wp\/v2\/tags?post=453"}],"curies":[{"name":"wp","href":"https:\/\/api.w.org\/{rel}","templated":true}]}}