{"id":110,"date":"2009-05-20T11:10:41","date_gmt":"2009-05-20T09:10:41","guid":{"rendered":"http:\/\/antropologia.zeus.umh.es\/?p=110"},"modified":"2009-05-20T11:10:41","modified_gmt":"2009-05-20T09:10:41","slug":"abierta-la-convocatoria-erasmus-0910","status":"publish","type":"post","link":"https:\/\/antropologia.umh.es\/en\/2009\/05\/20\/abierta-la-convocatoria-erasmus-0910\/","title":{"rendered":"Abierta la Convocatoria ERASMUS 09\/10"},"content":{"rendered":"<p class=\"arial\" style=\"margin: 0cm 0cm 0pt\"><span style=\"font-size: small\"><span style=\"font-family: Arial\">Las solicitudes ser\u00e1n tramitadas a trav\u00e9s de la <strong>Oficina de Movilidad de la UMH<\/strong>. Los interesados deber\u00e1n cumplimentar y presentar en el Registro General de la UMH o en los registros Auxiliares de los campus, <strong>antes del pr\u00f3ximo d\u00eda 12 de enero de 2009<\/strong>, el modelo de solicitud adjunto, junto con la siguiente documentaci\u00f3n:<\/span><\/span><\/p>\n<p class=\"arial\" style=\"margin: 0cm 0cm 0pt\"><span style=\"font-size: small\"><span style=\"font-family: Arial\"><!--more--><br \/>\n&#8211; Fotocopia del Certificado de Empadronamiento<br \/>\n<\/span><span style=\"font-family: Arial\">&#8211; <\/span><span style=\"font-family: Arial\">Si ha sido beneficiario de una beca de la Generalitat Valenciana o del Ministerio de Educaci\u00f3n durante el curso acad\u00e9mico 2007\/2008, documentaci\u00f3n que lo acredite.<\/span><\/span><\/p>\n<p class=\"arial\" style=\"margin: 0cm 0cm 0pt\"><span style=\"font-family: Arial\"><span style=\"font-size: small\"> <\/span><\/span><\/p>\n<p class=\"arial\" style=\"margin: 0cm 0cm 0pt\"><span style=\"font-size: small\"><strong><span style=\"font-family: Arial\">Documentos imprescindibles para gestionar la estancia ERASMUS<\/span><\/strong><\/span><\/p>\n<p class=\"arial\" style=\"margin: 0cm 0cm 0pt\"><span style=\"font-family: Arial\"><span style=\"font-size: small\">&#8211; Anexo III: <\/span><a href=\"http:\/\/movilidad.umh.es\/Documentos\/SM\/ERASMUS%20Estudios\/Documentos%20ERASMUS%20Estudios%200910\/Anexo%20III%20aceptaci\u00f3n-renuncia09-10.doc\"><strong><span style=\"color: windowtext\"><span style=\"font-size: small\">Aceptaci\u00f3n &#8211; Renuncia<br \/>\n<\/span><\/span><\/strong><\/a><span style=\"font-size: small\">&#8211; Anexo IV: <\/span><a href=\"http:\/\/movilidad.umh.es\/Documentos\/SM\/ERASMUS%20Estudios\/Documentos%20ERASMUS%20Estudios%200809\/Anexo%20IV%20%20Learning%20Agreement.doc\"><strong><span style=\"color: windowtext\"><span style=\"font-size: small\">Learning Agreement<br \/>\n<\/span><\/span><\/strong><\/a><span style=\"font-size: small\">&#8211; Anexo V: <\/span><a href=\"http:\/\/movilidad.umh.es\/Documentos\/SM\/ERASMUS%20Estudios\/Documentos%20ERASMUS%20Estudios%200809\/Anexo%20V%20%20%20Contrato%20financiero.doc\"><strong><span style=\"color: windowtext\"><span style=\"font-size: small\">Contrato financiero<br \/>\n<\/span><\/span><\/strong><\/a><span style=\"font-size: small\">&#8211; Anexo VI: <\/span><a href=\"http:\/\/movilidad.umh.es\/Documentos\/SM\/ERASMUS%20Estudios\/Documentos%20ERASMUS%20Estudios%200809\/Anexo%20VI%20%20Incorporacion-Estancia.doc\"><strong><span style=\"color: windowtext\"><span style=\"font-size: small\">Incorporaci\u00f3n &#8211; Estancia<br \/>\n<\/span><\/span><\/strong><\/a><span style=\"font-size: small\">&#8211; Anexo VII: <\/span><a href=\"http:\/\/movilidad.umh.es\/Documentos\/SM\/ERASMUS%20Estudios\/Documentos%20ERASMUS%20Estudios%200809\/Anexo%20VII%20Cambios_Learning_Agreement.doc\"><strong><span style=\"color: windowtext\"><span style=\"font-size: small\">Cambios al Learning Agreement<br \/>\n<\/span><\/span><\/strong><\/a><span style=\"font-size: small\">&#8211; Anexo VIII: <\/span><a href=\"http:\/\/movilidad.umh.es\/Documentos\/SM\/ERASMUS%20Estudios\/Documentos%20ERASMUS%20Estudios%200809\/Anexo%20VIII%20Examen%20UMH.doc\"><strong><span style=\"color: windowtext\"><span style=\"font-size: small\">Solicitud de examen en la UMH<br \/>\n<\/span><\/span><\/strong><\/a><span style=\"font-size: small\">&#8211; Anexo IX: <\/span><a href=\"http:\/\/movilidad.umh.es\/Documentos\/SM\/ERASMUS%20Estudios\/Documentos%20ERASMUS%20Estudios%200809\/Anexo%20IX%20Prolongaci\u00f3n_Estancia.rtf\"><strong><span style=\"color: windowtext\"><span style=\"font-size: small\">Solicitud de ampliaci\u00f3n de estancia<\/span><\/span><\/strong><\/a><span style=\"font-size: small\">.<br \/>\n&#8211; <\/span><a href=\"http:\/\/movilidad.umh.es\/Documentos\/SM\/ERASMUS%20Estudios\/Documentos%20ERASMUS%20Estudios%200809\/Informe%20del%20estudiante.doc\"><strong><span style=\"color: windowtext\"><span style=\"font-size: small\">Informe final del estudiante<br \/>\n<\/span><\/span><\/strong><\/a><a href=\"http:\/\/movilidad.umh.es\/Documentos\/SM\/ERASMUS%20Estudios\/Listado%20convalidaciones\/FichaProyectoEPSE.doc\"><strong><span style=\"color: windowtext\"><span style=\"font-size: small\">&#8211; Ficha Proyecto Final de Carrera EPSE<\/span><\/span><\/strong><\/a><\/span><\/p>\n<p class=\"arial\" style=\"margin: 0cm 0cm 0pt\"><span style=\"font-family: Arial\"><span style=\"font-size: small\"> <\/span><\/span><\/p>\n<p class=\"arial\" style=\"margin: 0cm 0cm 0pt\"><span style=\"font-family: Arial\"><span style=\"font-size: small\"> <\/span><\/span><\/p>\n<p class=\"arial\" style=\"margin: 0cm 0cm 0pt\"><span style=\"font-family: Arial\"><span style=\"font-size: small\"> <\/span><\/span><\/p>\n<p class=\"arial\" style=\"margin: 0cm 0cm 0pt\"><span style=\"font-family: Arial\"><span style=\"font-size: small\"> <\/span><\/span><\/p>\n<p class=\"arial\" style=\"margin: 0cm 0cm 0pt\"><span style=\"font-family: Arial\"><a href=\"https:\/\/observatorio.umh.es\/\"><strong><span style=\"color: windowtext\"><span style=\"font-size: small\">https:\/\/observatorio.umh.es\/<\/span><\/span><\/strong><\/a><\/span><\/p>\n","protected":false},"excerpt":{"rendered":"<p>Las solicitudes ser\u00e1n tramitadas a trav\u00e9s de la Oficina de Movilidad de la UMH. Los interesados deber\u00e1n cumplimentar y presentar en el Registro General de la UMH o en los registros Auxiliares de los campus, antes del pr\u00f3ximo d\u00eda 12 de enero de 2009, el modelo de solicitud adjunto, junto con la siguiente documentaci\u00f3n:<\/p>\n<p>&#8211; Fotocopia [&#8230;]<\/p>\n","protected":false},"author":642,"featured_media":0,"comment_status":"closed","ping_status":"open","sticky":false,"template":"","format":"standard","meta":{"_links_to":"","_links_to_target":""},"categories":[3126],"tags":[14,533],"_links":{"self":[{"href":"https:\/\/antropologia.umh.es\/en\/wp-json\/wp\/v2\/posts\/110"}],"collection":[{"href":"https:\/\/antropologia.umh.es\/en\/wp-json\/wp\/v2\/posts"}],"about":[{"href":"https:\/\/antropologia.umh.es\/en\/wp-json\/wp\/v2\/types\/post"}],"author":[{"embeddable":true,"href":"https:\/\/antropologia.umh.es\/en\/wp-json\/wp\/v2\/users\/642"}],"replies":[{"embeddable":true,"href":"https:\/\/antropologia.umh.es\/en\/wp-json\/wp\/v2\/comments?post=110"}],"version-history":[{"count":0,"href":"https:\/\/antropologia.umh.es\/en\/wp-json\/wp\/v2\/posts\/110\/revisions"}],"wp:attachment":[{"href":"https:\/\/antropologia.umh.es\/en\/wp-json\/wp\/v2\/media?parent=110"}],"wp:term":[{"taxonomy":"category","embeddable":true,"href":"https:\/\/antropologia.umh.es\/en\/wp-json\/wp\/v2\/categories?post=110"},{"taxonomy":"post_tag","embeddable":true,"href":"https:\/\/antropologia.umh.es\/en\/wp-json\/wp\/v2\/tags?post=110"}],"curies":[{"name":"wp","href":"https:\/\/api.w.org\/{rel}","templated":true}]}}