{"id":154,"date":"2009-06-24T17:13:57","date_gmt":"2009-06-24T15:13:57","guid":{"rendered":"http:\/\/antropologia.zeus.umh.es\/?p=154"},"modified":"2009-06-24T17:13:57","modified_gmt":"2009-06-24T15:13:57","slug":"produccion-artistica-y-teoria-feminista-del-arte-nuevos-debates-ii","status":"publish","type":"post","link":"https:\/\/antropologia.umh.es\/en\/2009\/06\/24\/produccion-artistica-y-teoria-feminista-del-arte-nuevos-debates-ii\/","title":{"rendered":"PRODUCCI\u00d3N ART\u00cdSTICA Y TEOR\u00cdA FEMINISTA DEL ARTE: NUEVOS DEBATES II"},"content":{"rendered":"<p><span> <\/span><\/p>\n<p>Curso. Del 2 al 4 de julio<\/p>\n<p>Matricula gratuita previa inscripci\u00f3n.<\/p>\n<p>M\u00e1s informaci\u00f3n en<\/p>\n<p><a href=\"http:\/\/www.montehermoso.net\/\">www.montehermoso.net<\/a><\/p>\n<p>A principios de los a\u00f1os setenta del siglo XX un n\u00famero significativo de historiadoras feministas del arte empezaron a revisar el canon utilizado para construir el valor social, est\u00e9tico y art\u00edstico de las obras producidas por las artistas. Esa revisi\u00f3n, a la par que permiti\u00f3 recuperar a artistas y obras, abri\u00f3 v\u00edas de reflexi\u00f3n muy diversas que se han ido desarrollando gracias al incremento de las investigaciones sobre la situaci\u00f3n de las artistas y de sus obras en el campo art\u00edstico.<\/p>\n<p>Segunda edici\u00f3n del curso celebrado en junio de 2008, en el que se expusieron las problem\u00e1ticas te\u00f3ricas y pol\u00edticas a las que deb\u00edan hacer frente las historiadoras del arte para desarrollar un corpus te\u00f3rico feminista; este a\u00f1o participar\u00e1n en este curso conferenciantes que, al provenir de diversas disciplinas y de diferentes pa\u00edses, nos permitir\u00e1n profundizar en los an\u00e1lisis feministas del campo art\u00edstico desde una enriquecedora interdisciplinariedad.<\/p>\n<p><!--more--><br \/>\n2 de julio<\/p>\n<p>I \u2013 Las Dimensiones Sociales del Arte: Artistas, Obras, ContextosII \u2013 La Construcci\u00f3n de la Historia Feminista del Arte4 de julioIII \u2013 Arte, Feminismo e Historia Feminista del Arte en el Estado espa\u00f1ol<\/p>\n<p>Ana de Miguel, Ana Navarrete, Remedios Zafra<br \/>\nGIULIA COLAIZZI<br \/>\nCatedr\u00e1tica en el Departamento de Teor\u00eda de los Lenguajes y Ciencias de la Comunicaci\u00f3n y miembro del &#8220;Instituto Universitario de Estudio de la Mujer&#8221; en la Universitat de Val\u00e8ncia.KAREN CORDERO REIMAN<\/p>\n<p>Doctora por la Universidad de Yale y Profesora del Departamento de Arte de la Universidad Iberoamericana y del Posgrado en Historia del Arte de la Universidad Nacional Aut\u00f3noma de M\u00e9xico.<\/p>\n<p>TAMAR GARB<\/p>\n<p>Profesora de Historia del Arte en el University College de Londres, sus intereses en el campo de la investigaci\u00f3n han girado en torno a cuestiones de g\u00e9nero y sexualidad en el arte del siglo XIX y comienzos del XX.BETTINA KNAUP<\/p>\n<p>Comisaria y productora cultural con formaci\u00f3n en estudios teatrales y cinematogr\u00e1ficos, as\u00ed como de ciencias pol\u00edticas y g\u00e9nero, centra sus intereses en la conexi\u00f3n entre las artes performativas, la pol\u00edtica y la producci\u00f3n de conocimiento.LOURDES M\u00c9NDEZ<\/p>\n<p>Catedr\u00e1tica de Antropolog\u00eda Social de la Universidad del Pa\u00eds. Se licenci\u00f3 y se doctor\u00f3 en Antropolog\u00eda en la Universidad de Paris VIII y su primera investigaci\u00f3n desemboc\u00f3 en una Tesis doctoral publicada bajo el t\u00edtulo: &#8220;Cousas de Mulleres&#8221;. Campesinas, poder y vida cotidiana. (Lugo, 1940-1980).<\/p>\n<p>ANA DE MIGUEL \u00c1LVAREZ<\/p>\n<p>Profesora del \u00e1rea de Filosof\u00eda Moral y Pol\u00edtica en la Universidad Rey Juan Carlos de Madrid. Ha publicado trabajos sobre cl\u00e1sicos del feminismo como John Stuart Mill, Flora Tristan, Alejandra Kollontai y el feminista egipcio Quasim Amin.ANA NAVARRETE<\/p>\n<p>Actual Decana de la Facultad de Bellas Artes de Cuenca, combina su trabajo como profesora universitaria con la elaboraci\u00f3n de proyectos. Sus intereses se centran en campos diversos relacionados con las pr\u00e1cticas culturales y las pol\u00edticas feministas de la sociedad global informatizada.LINDA NOCHLIN<\/p>\n<p>Profesora de Arte Moderno en el Instituto de Bellas Artes de la Universidad de Nueva York, es conocida por su revolucionario trabajo en pro del avance de la causa de las mujeres artistas, que comenz\u00f3 en 1971 con el art\u00edculo Why Have There Been No Great Women Artists? (\u00bfPor qu\u00e9 no ha habido grandes artistas mujeres?)JANET WOLFF<\/p>\n<p>Profesora de Sociolog\u00eda Cultural en la Universidad de Manchester, donde dirige el Centro para la Investigaci\u00f3n Interdisciplinar de las Artes. Asimismo, ha impartido clase en las universidades de Leeds, Rochester (EE.UU.) y en la Escuela de Arte de la Universidad de Columbia.REMEDIOS ZAFRA<\/p>\n<p>Escritora y directora del grupo de investigaci\u00f3n G\u00e9nero, Arte y Ciberespacio. Profesora Titular de la Universidad de Sevilla, directora de ::X0y1:: plataforma para la investigaci\u00f3n y producci\u00f3n art\u00edstica sobre identidad y cultura de redes.XABIER ARAKISTAIN<\/p>\n<p>Coordinador General del Centro Cultural Montehermoso Kulturunea.<\/p>\n<div><span style=\"font-size: x-small\"><\/p>\n<p><\/span><\/div>\n","protected":false},"excerpt":{"rendered":"<p>\nCurso. Del 2 al 4 de julio<br \/>\nMatricula gratuita previa inscripci\u00f3n.<br \/>\nM\u00e1s informaci\u00f3n en<br \/>\nwww.montehermoso.net<br \/>\nA principios de los a\u00f1os setenta del siglo XX un n\u00famero significativo de historiadoras feministas del arte empezaron a revisar el canon utilizado para construir el valor social, est\u00e9tico y art\u00edstico de las obras producidas por las artistas. Esa revisi\u00f3n, a la par [&#8230;]<\/p>\n","protected":false},"author":642,"featured_media":0,"comment_status":"closed","ping_status":"open","sticky":false,"template":"","format":"standard","meta":{"_links_to":"","_links_to_target":""},"categories":[4],"tags":[3051,3148,3220],"_links":{"self":[{"href":"https:\/\/antropologia.umh.es\/en\/wp-json\/wp\/v2\/posts\/154"}],"collection":[{"href":"https:\/\/antropologia.umh.es\/en\/wp-json\/wp\/v2\/posts"}],"about":[{"href":"https:\/\/antropologia.umh.es\/en\/wp-json\/wp\/v2\/types\/post"}],"author":[{"embeddable":true,"href":"https:\/\/antropologia.umh.es\/en\/wp-json\/wp\/v2\/users\/642"}],"replies":[{"embeddable":true,"href":"https:\/\/antropologia.umh.es\/en\/wp-json\/wp\/v2\/comments?post=154"}],"version-history":[{"count":0,"href":"https:\/\/antropologia.umh.es\/en\/wp-json\/wp\/v2\/posts\/154\/revisions"}],"wp:attachment":[{"href":"https:\/\/antropologia.umh.es\/en\/wp-json\/wp\/v2\/media?parent=154"}],"wp:term":[{"taxonomy":"category","embeddable":true,"href":"https:\/\/antropologia.umh.es\/en\/wp-json\/wp\/v2\/categories?post=154"},{"taxonomy":"post_tag","embeddable":true,"href":"https:\/\/antropologia.umh.es\/en\/wp-json\/wp\/v2\/tags?post=154"}],"curies":[{"name":"wp","href":"https:\/\/api.w.org\/{rel}","templated":true}]}}