{"id":232,"date":"2009-10-23T09:54:41","date_gmt":"2009-10-23T07:54:41","guid":{"rendered":"http:\/\/antropologia.zeus.umh.es\/?p=232"},"modified":"2009-10-23T09:54:41","modified_gmt":"2009-10-23T07:54:41","slug":"la-umh-acoge-un-curso-sobre-patrimonio-inmaterial-para-la-formacion-de-profesores-iberoamericanos-en-el-sector-cultural","status":"publish","type":"post","link":"https:\/\/antropologia.umh.es\/en\/2009\/10\/23\/la-umh-acoge-un-curso-sobre-patrimonio-inmaterial-para-la-formacion-de-profesores-iberoamericanos-en-el-sector-cultural\/","title":{"rendered":"La UMH acoge un curso sobre patrimonio inmaterial para la formaci\u00f3n de profesores iberoamericanos en el sector cultural"},"content":{"rendered":"<p class=\"MsoBodyText\" style=\"margin: 0cm 0cm 0pt\">\n<p class=\"MsoNormal\" style=\"margin: 0cm 0cm 0pt;text-align: justify\"><span style=\"font-size: 10pt;font-family: Arial\">Un grupo de profesores iberoamericanos asisten en Elche al curso sobre &#8216;El Patrimonio Inmaterial&#8217;, organizado por La Direcci\u00f3n General de Bellas Artes y Bienes Culturales del Ministerio de Cultura. Las sesiones se iniciar\u00e1n esta tarde, a partir de las 17 horas, en el edificio Torrevaillo del campus de Elche de la Universidad Miguel Hern\u00e1ndez (UMH) con un ciclo de charlas y conferencias relacionadas con el patrimonio cultural.<\/span><\/p>\n<p class=\"MsoNormal\" style=\"margin: 0cm 0cm 0pt;text-align: justify\"><span style=\"font-size: 10pt;font-family: Arial\"> <!--more--><\/span><\/p>\n<p class=\"MsoNormal\" style=\"margin: 0cm 0cm 0pt;text-align: justify\"><span style=\"font-size: 10pt;font-family: Arial\">Esta acci\u00f3n formativa se enmarca dentro de las ayudas para la formaci\u00f3n de profesionales del \u00e1rea de la cultura procedentes de pa\u00edses iberoamericanos. La primera fase del curso se celebr\u00f3 en Teruel la pasada semana, mientras que la segunda tendr\u00e1 lugar entre el 19 y el 22 de octubre en Elche. El objetivo es conocer La Festa y otros aspectos singulares de la cultura y la historia ilicitana. <\/span><\/p>\n<p class=\"MsoNormal\" style=\"margin: 0cm 0cm 0pt;text-align: justify\"><span style=\"font-size: 10pt;font-family: Arial\"> <\/span><\/p>\n<p class=\"MsoNormal\" style=\"margin: 0cm 0cm 0pt;text-align: justify\"><span style=\"font-size: 10pt;font-family: Arial\">En este curso participan investigadores y responsables de proyectos culturales de Chile, Uruguay, Colombia, Per\u00fa y Brasil, entre otros pa\u00edses. Se trata de una iniciativa con la que se quiere difundir el rico patrimonio que atesora la ciudad de Elche y permitir que estudiosos y especialistas extranjeros conozcan directamente las principales representaciones de la cultura ilicitana.<\/span><\/p>\n<p class=\"MsoNormal\" style=\"margin: 0cm 0cm 0pt;text-align: justify\"><span style=\"font-size: 10pt;font-family: Arial\"> <\/span><\/p>\n<p class=\"MsoNormal\" style=\"margin: 0cm 0cm 0pt;text-align: justify\"><span style=\"font-size: 10pt;font-family: Arial\">Las actividades que van a realizar en Elche est\u00e1n coordinada conjuntamente por el director de la C\u00e1tedra Misteri d&#8217;Elx de la UMH, Jos\u00e9 Antonio P\u00e9rez Juan, y por el inspector de Bienes Muebles y vocal del Patronato del Misterio de Elche, Luis Pablo Mart\u00ednez.<\/span><\/p>\n<p class=\"MsoNormal\" style=\"margin: 0cm 0cm 0pt;text-align: justify\"><span style=\"font-size: 10pt;font-family: Arial\"> <\/span><\/p>\n<p class=\"MsoNormal\" style=\"margin: 0cm 0cm 0pt;text-align: justify\"><span style=\"font-size: 10pt;font-family: Arial\">Adem\u00e1s de las sesiones que se realizar\u00e1n en la UMH, los asistentes visitar\u00e1n la Casa de la Festa, el palmeral ilicitano y el Museo Escolar de Pu\u00e7ol. Asimismo, conocer\u00e1n los museos de la ciudad, la Bas\u00edlica de Santa Mar\u00eda, la sede de la Acequia Mayor, el Archivo Municipal y algunas zonas del campo de Elche.<\/span><\/p>\n<p class=\"MsoNormal\" style=\"margin: 0cm 0cm 0pt;text-align: justify\"><span style=\"font-size: 10pt;font-family: Arial\"> <\/span><\/p>\n<p class=\"MsoNormal\" style=\"margin: 0cm 0cm 0pt;text-align: justify\"><span style=\"font-size: 10pt;font-family: Arial\"> <\/span><span style=\"font-size: 10pt;font-family: Arial\"> <\/span><\/p>\n<p class=\"MsoNormal\" style=\"margin: 0cm 0cm 0pt;text-align: justify\"><span style=\"font-size: 10pt;font-family: Arial\">Esta acci\u00f3n del Ministerio de Cultura ha sido posible gracias a la ayuda y colaboraci\u00f3n de la Conselleria de Cultura, el Ayuntamiento de Elche, el Patronato Nacional de Misteri, el Centro de Cultura Tradicional-Museo escolar de Pu\u00e7ol, as\u00ed como la Comunidad de Propietarios de la Acequia Mayor del Pantano de Elche y la Asociaci\u00f3n para el desarrollo del Campo de Elche.<\/span><\/p>\n<p class=\"MsoNormal\" style=\"margin: 0cm 0cm 0pt;text-align: justify\"><span style=\"font-size: 10pt;font-family: Arial\"> <\/span><\/p>\n<p class=\"MsoNormal\" style=\"margin: 0cm 0cm 0pt;text-align: justify\"><span style=\"font-size: 10pt;font-family: Arial\"> <\/span><\/p>\n<p class=\"MsoNormal\" style=\"margin: 0cm 0cm 0pt;text-align: justify\"><span style=\"font-size: 10pt;font-family: Arial\">Elche, 19 de octubre de 2009<\/span><\/p>\n<p class=\"MsoNormal\" style=\"margin: 0cm 0cm 0pt;text-align: justify\"><span style=\"font-size: 10pt;font-family: Arial\"> <\/span><\/p>\n<p class=\"MsoNormal\" style=\"margin: 0cm 0cm 0pt;text-align: justify\">\n<p class=\"MsoNormal\" style=\"margin: 0cm 0cm 0pt;text-align: justify\">\n<p class=\"MsoNormal\" style=\"margin: 0cm 0cm 0pt;text-align: justify\"><span style=\"font-size: 10pt;font-family: Arial\">Dra. Anastasia T\u00e9llez Infantes<\/span><\/p>\n<p class=\"MsoNormal\" style=\"margin: 0cm 0cm 0pt;text-align: justify\"><span style=\"font-size: 10pt;font-family: Arial\">Profesora de Antropolog\u00eda Social y Cultural<\/span><\/p>\n<p class=\"MsoNormal\" style=\"margin: 0cm 0cm 0pt;text-align: justify\"><span style=\"font-size: 10pt;font-family: Arial\">Directora del Seminario Interdisciplinar de Estudios de G\u00e9nero (SIEG)<\/span><\/p>\n<p class=\"MsoNormal\" style=\"margin: 0cm 0cm 0pt;text-align: justify\">\n","protected":false},"excerpt":{"rendered":"<p>Un grupo de profesores iberoamericanos asisten en Elche al curso sobre &#8216;El Patrimonio Inmaterial&#8217;, organizado por La Direcci\u00f3n General de Bellas Artes y Bienes Culturales del Ministerio de Cultura. Las sesiones se iniciar\u00e1n esta tarde, a partir de las 17 horas, en el edificio Torrevaillo del campus de Elche de la Universidad Miguel Hern\u00e1ndez (UMH) [&#8230;]<\/p>\n","protected":false},"author":1,"featured_media":0,"comment_status":"closed","ping_status":"open","sticky":false,"template":"","format":"standard","meta":{"_links_to":"","_links_to_target":""},"categories":[507],"tags":[3262],"_links":{"self":[{"href":"https:\/\/antropologia.umh.es\/en\/wp-json\/wp\/v2\/posts\/232"}],"collection":[{"href":"https:\/\/antropologia.umh.es\/en\/wp-json\/wp\/v2\/posts"}],"about":[{"href":"https:\/\/antropologia.umh.es\/en\/wp-json\/wp\/v2\/types\/post"}],"author":[{"embeddable":true,"href":"https:\/\/antropologia.umh.es\/en\/wp-json\/wp\/v2\/users\/1"}],"replies":[{"embeddable":true,"href":"https:\/\/antropologia.umh.es\/en\/wp-json\/wp\/v2\/comments?post=232"}],"version-history":[{"count":0,"href":"https:\/\/antropologia.umh.es\/en\/wp-json\/wp\/v2\/posts\/232\/revisions"}],"wp:attachment":[{"href":"https:\/\/antropologia.umh.es\/en\/wp-json\/wp\/v2\/media?parent=232"}],"wp:term":[{"taxonomy":"category","embeddable":true,"href":"https:\/\/antropologia.umh.es\/en\/wp-json\/wp\/v2\/categories?post=232"},{"taxonomy":"post_tag","embeddable":true,"href":"https:\/\/antropologia.umh.es\/en\/wp-json\/wp\/v2\/tags?post=232"}],"curies":[{"name":"wp","href":"https:\/\/api.w.org\/{rel}","templated":true}]}}