{"id":272,"date":"2009-11-18T12:19:34","date_gmt":"2009-11-18T10:19:34","guid":{"rendered":"http:\/\/antropologia.zeus.umh.es\/?p=272"},"modified":"2009-11-18T12:19:34","modified_gmt":"2009-11-18T10:19:34","slug":"la-coleccion-feminismos-premio-dones-progressistes-2009","status":"publish","type":"post","link":"https:\/\/antropologia.umh.es\/en\/2009\/11\/18\/la-coleccion-feminismos-premio-dones-progressistes-2009\/","title":{"rendered":"La colecci\u00f3n &#8220;Feminismos&#8221; Premio Dones Progressistes 2009"},"content":{"rendered":"<p>La Federaci\u00f3n de Mujeres Progresistas otorga este reconocimiento a la colecci\u00f3n Feminismos por \u201csu promoci\u00f3n del saber de las mujeres a trav\u00e9s de la publicaci\u00f3n de t\u00edtulos indispensables en la literatura feminista\u201d.<\/p>\n<p>La Federaci\u00f3n de Mujeres Progresistas, que este a\u00f1o celebra la duod\u00e9cima edici\u00f3n de los Premios Mujeres Progresistas ha elegido a la colecci\u00f3n Feminismos, coeditada por Ediciones C\u00e1tedra y la Universitat de Val\u00e9ncia, como la galardonada dentro de la categor\u00eda de Cultura-Medios.<\/p>\n<p>Dicha instituci\u00f3n ha se\u00f1alado que estos textos \u201ccontribuyen al debate intelectual y pol\u00edtico desde una visi\u00f3n de g\u00e9nero\u201d, adem\u00e1s de \u201cpromover el conocimiento y saber de las mujeres a trav\u00e9s de la publicaci\u00f3n de t\u00edtulos indispensables en la literatura feminista\u201d.<\/p>\n<p>La entrega de este premio que reconoce la labor realizada a trav\u00e9s de la colecci\u00f3n Feminismos tendr\u00e1 lugar el pr\u00f3ximo jueves, d\u00eda 19 de noviembre, en el Instituto Cervantes de Madrid.<\/p>\n<p>Respecto al resto de los galardonados, en la categor\u00eda Internacional la Federaci\u00f3n de Mujeres Progresistas ha decidido premiar este a\u00f1o a la Fundaci\u00f3n Vicente Ferrer, mientras que galardonar\u00e1 al soci\u00f3logo Alain Touraine en la categor\u00eda de Hombre Progresista y a la que fuera la primera Secretaria de Estado de Igualdad, Soledad Murillo, en la categor\u00eda Nacional.<\/p>\n<p>FUENTE:<\/p>\n<p><a href=\"http:\/\/www.uv.es\/~webuv\/noticies\/noticia.php?idnoticia=9194\">http:\/\/www.uv.es\/~webuv\/noticies\/noticia.php?idnoticia=9194<\/a><\/p>\n","protected":false},"excerpt":{"rendered":"<p>La Federaci\u00f3n de Mujeres Progresistas otorga este reconocimiento a la colecci\u00f3n Feminismos por \u201csu promoci\u00f3n del saber de las mujeres a trav\u00e9s de la publicaci\u00f3n de t\u00edtulos indispensables en la literatura feminista\u201d.<br \/>\nLa Federaci\u00f3n de Mujeres Progresistas, que este a\u00f1o celebra la duod\u00e9cima edici\u00f3n de los Premios Mujeres Progresistas ha elegido a la colecci\u00f3n Feminismos, coeditada [&#8230;]<\/p>\n","protected":false},"author":642,"featured_media":0,"comment_status":"closed","ping_status":"open","sticky":false,"template":"","format":"standard","meta":{"_links_to":"","_links_to_target":""},"categories":[3126],"tags":[3199,3220,2145],"_links":{"self":[{"href":"https:\/\/antropologia.umh.es\/en\/wp-json\/wp\/v2\/posts\/272"}],"collection":[{"href":"https:\/\/antropologia.umh.es\/en\/wp-json\/wp\/v2\/posts"}],"about":[{"href":"https:\/\/antropologia.umh.es\/en\/wp-json\/wp\/v2\/types\/post"}],"author":[{"embeddable":true,"href":"https:\/\/antropologia.umh.es\/en\/wp-json\/wp\/v2\/users\/642"}],"replies":[{"embeddable":true,"href":"https:\/\/antropologia.umh.es\/en\/wp-json\/wp\/v2\/comments?post=272"}],"version-history":[{"count":0,"href":"https:\/\/antropologia.umh.es\/en\/wp-json\/wp\/v2\/posts\/272\/revisions"}],"wp:attachment":[{"href":"https:\/\/antropologia.umh.es\/en\/wp-json\/wp\/v2\/media?parent=272"}],"wp:term":[{"taxonomy":"category","embeddable":true,"href":"https:\/\/antropologia.umh.es\/en\/wp-json\/wp\/v2\/categories?post=272"},{"taxonomy":"post_tag","embeddable":true,"href":"https:\/\/antropologia.umh.es\/en\/wp-json\/wp\/v2\/tags?post=272"}],"curies":[{"name":"wp","href":"https:\/\/api.w.org\/{rel}","templated":true}]}}