{"id":295,"date":"2009-12-09T17:20:02","date_gmt":"2009-12-09T15:20:02","guid":{"rendered":"http:\/\/antropologia.zeus.umh.es\/?p=295"},"modified":"2009-12-09T17:20:02","modified_gmt":"2009-12-09T15:20:02","slug":"economia-informal-y-perspectiva-de-genero","status":"publish","type":"post","link":"https:\/\/antropologia.umh.es\/en\/2009\/12\/09\/economia-informal-y-perspectiva-de-genero\/","title":{"rendered":"ECONOM\u00cdA INFORMAL Y PERSPECTIVA DE G\u00c9NERO"},"content":{"rendered":"<p>&gt;<a href=\"https:\/\/antropologia.umh.es\/files\/2009\/12\/economia-informal.jpg\"><img loading=\"lazy\" class=\"alignnone size-medium wp-image-294\" src=\"https:\/\/antropologia.umh.es\/files\/2009\/12\/economia-informal-299x123.jpg\" alt=\"\" width=\"299\" height=\"123\" srcset=\"https:\/\/antropologia.umh.es\/files\/2009\/12\/economia-informal-299x123.jpg 299w, https:\/\/antropologia.umh.es\/files\/2009\/12\/economia-informal.jpg 562w\" sizes=\"(max-width: 299px) 100vw, 299px\" \/><\/a>&lt;\/<\/p>\n<p>ECONOM\u00cdA INFORMAL Y PERSPECTIVA DE G\u00c9NERO EN CONTEXTOS DE TRABAJO<\/p>\n<p>Anastasia T\u00e9llez Infante y Javier Eloy Mart\u00ednez Guirao (eds.)<\/p>\n<p>En este libro se exponen y debaten las \u00faltimas investigaciones acad\u00e9micas sobre diversos temas en torno a un mismo eje com\u00fan: trabajo y g\u00e9nero. Se abordan \u00e1mbitos en los que las representaciones ideol\u00f3gicas sobre g\u00e9nero y trabajo tienen una fuerte influencia: la econom\u00eda informal, el trabajo femenino en la empresa, el trabajo dom\u00e9stico, el trabajo a domicilio y el desarrollo y trabajo de las mujeres en el medio rural. En los diversos cap\u00edtulos se demuestra<span> <\/span>que el g\u00e9nero es un factor que, adem\u00e1s de crear diferencia social, constituye como elemento ideol\u00f3gico una de las bases sobre las que se estructura la divisi\u00f3n social del trabajo y, de forma espec\u00edfica, las actividades \u201cfeminizadas\u201d de la econom\u00eda \u201cinformal\u201d y \u201cclandestina\u201d. Se analizan las relaciones sociales productivas y su relaci\u00f3n con la creaci\u00f3n ideol\u00f3gica de g\u00e9nero que las envuelve, a fin de evidenciar c\u00f3mo es esa producci\u00f3n ide\u00e1tica cultural la que justifica la discriminaci\u00f3n sexual en el trabajo de las mujeres, feminiza algunas t\u00e9cnicas y tareas dentro de los procesos productivos, y estructura cu\u00e1les y qui\u00e9nes quedan dentro de la econom\u00eda formal y qui\u00e9nes no.<\/p>\n<p><!--more-->Hemos tenido el privilegio de contar con la colaboraci\u00f3n de algunos de los m\u00e1s acreditados expertos de Espa\u00f1a, M\u00e9xico y Portugal en relaciones de g\u00e9nero, econom\u00eda informal, trabajo dom\u00e9stico y trabajo a domicilio, en su mayor\u00eda profesores y profesoras de Antropolog\u00eda Social y Cultural, para ofrecer al lector una perspectiva actual, internacional e interuniversitaria de estos estudios, que son de un enorme inter\u00e9s social en el momento presente de crisis econ\u00f3mica e internacioanalizaci\u00f3n de los mercados.<\/p>\n<p>Anastasia T\u00e9llez y Javier Eloy Mart\u00ednez son doctores y profesores de Antropolog\u00eda Social y pertenecen al Seminario nterdisciplinar de Estudios de G\u00e9nero de la Universidad Miguel Hern\u00e1ndez de Elche. Una de sus l\u00edneas de investigaci\u00f3n es el estudio cultural de las representaciones ideol\u00f3gicas sobre g\u00e9nero y trabajo.<\/p>\n","protected":false},"excerpt":{"rendered":"<p>&gt;&lt;\/<br \/>\nECONOM\u00cdA INFORMAL Y PERSPECTIVA DE G\u00c9NERO EN CONTEXTOS DE TRABAJO<br \/>\nAnastasia T\u00e9llez Infante y Javier Eloy Mart\u00ednez Guirao (eds.)<br \/>\nEn este libro se exponen y debaten las \u00faltimas investigaciones acad\u00e9micas sobre diversos temas en torno a un mismo eje com\u00fan: trabajo y g\u00e9nero. Se abordan \u00e1mbitos en los que las representaciones ideol\u00f3gicas sobre g\u00e9nero y trabajo tienen [&#8230;]<\/p>\n","protected":false},"author":642,"featured_media":0,"comment_status":"closed","ping_status":"open","sticky":false,"template":"","format":"standard","meta":{"_links_to":"","_links_to_target":""},"categories":[507],"tags":[3251],"_links":{"self":[{"href":"https:\/\/antropologia.umh.es\/en\/wp-json\/wp\/v2\/posts\/295"}],"collection":[{"href":"https:\/\/antropologia.umh.es\/en\/wp-json\/wp\/v2\/posts"}],"about":[{"href":"https:\/\/antropologia.umh.es\/en\/wp-json\/wp\/v2\/types\/post"}],"author":[{"embeddable":true,"href":"https:\/\/antropologia.umh.es\/en\/wp-json\/wp\/v2\/users\/642"}],"replies":[{"embeddable":true,"href":"https:\/\/antropologia.umh.es\/en\/wp-json\/wp\/v2\/comments?post=295"}],"version-history":[{"count":0,"href":"https:\/\/antropologia.umh.es\/en\/wp-json\/wp\/v2\/posts\/295\/revisions"}],"wp:attachment":[{"href":"https:\/\/antropologia.umh.es\/en\/wp-json\/wp\/v2\/media?parent=295"}],"wp:term":[{"taxonomy":"category","embeddable":true,"href":"https:\/\/antropologia.umh.es\/en\/wp-json\/wp\/v2\/categories?post=295"},{"taxonomy":"post_tag","embeddable":true,"href":"https:\/\/antropologia.umh.es\/en\/wp-json\/wp\/v2\/tags?post=295"}],"curies":[{"name":"wp","href":"https:\/\/api.w.org\/{rel}","templated":true}]}}