{"id":336,"date":"2010-01-12T13:54:06","date_gmt":"2010-01-12T11:54:06","guid":{"rendered":"http:\/\/antropologia.zeus.umh.es\/?p=336"},"modified":"2010-01-12T13:54:06","modified_gmt":"2010-01-12T11:54:06","slug":"xii-congreso-de-antropologia-de-la-federacion-de-asociaciones-de-antropologia-del-estado-espanol-faaee","status":"publish","type":"post","link":"https:\/\/antropologia.umh.es\/en\/2010\/01\/12\/xii-congreso-de-antropologia-de-la-federacion-de-asociaciones-de-antropologia-del-estado-espanol-faaee\/","title":{"rendered":"XII CONGRESO DE ANTROPOLOG\u00cdA DE LA FEDERACI\u00d3N DE ASOCIACIONES DE ANTROPOLOG\u00cdA DEL ESTADO ESPA\u00d1OL (F.A.A.E.E.)"},"content":{"rendered":"<p><strong>Asociaci\u00f3n de Antropolog\u00eda de Castilla y Le\u00f3n &#8220;Michael Kenny&#8221;<\/strong><\/p>\n<p>PRIMERA CIRCULAR XII CONGRESO DE ANTROPOLOG\u00cdA DE LA FEDERACI\u00d3N DE ASOCIACIONES DE ANTROPOLOG\u00cdA DEL ESTADO ESPA\u00d1OL (F.A.A.E.E.)<\/p>\n<p>\u201cLUGARES, TIEMPOS, MEMORIAS. LA ANTROPOLOG\u00cdA IB\u00c9RICA EN EL SIGLO XXI.\u201d<br \/>\nLe\u00f3n, 6-9 de septiembre 2011.<\/p>\n<p>El pr\u00f3ximo Congreso de Antropolog\u00eda, convocado por la Federaci\u00f3n de Asociaciones de Antropolog\u00eda del Estado Espa\u00f1ol (F.A.A.E.E.) estar\u00e1 organizado por la Asociaci\u00f3n de Antropolog\u00eda de Castilla y Le\u00f3n Michael Kenny y se celebrar\u00e1 en Le\u00f3n del 6 al 9 de septiembre del a\u00f1o 2011.<\/p>\n<p>El objetivo de esta primera circular, es anunciar oficialmente el tema que servir\u00e1 de idea vertebradora para el desarrollo del Congreso.<\/p>\n<p>Queremos tambi\u00e9n comunicaros que estamos preparando una p\u00e1gina Web, que esperamos est\u00e9 operativa en un plazo breve. Intentaremos que sea un espacio virtual que vaya mostrando la informaci\u00f3n diversa y precisa sobre todos los aspectos concernientes al Congreso, incluido el calendario previsto para su realizaci\u00f3n. Igualmente, esa Web posibilitar\u00e1 la inscripci\u00f3n al mismo on line y facilitar\u00e1 toda aquella informaci\u00f3n necesaria sobre las posibilidades de alojamiento, actividades paralelas al Congreso, as\u00ed como actividades l\u00fadicas y culturales que ofrece Le\u00f3n. El enlace para acceder a ella estar\u00e1 en <a href=\"https:\/\/antropologia.umh.es\/wp-admin\/antropologiacastillayleon.org\">antropologiacastillayleon.org<\/a>.<\/p>\n<p>Circular: <a href=\"http:\/\/www.asana-andalucia.org\/archivos\/Primera%20Circular%20XII%20Congreso%20FAAEE.pdf\">http:\/\/www.asana-andalucia.org\/archivos\/Primera%20Circular%20XII%20Congreso%20FAAEE.pdf<\/a><\/p>\n<p>Esperamos que la propuesta que hacemos suscite vuestro inter\u00e9s y podamos contar con vuestra participaci\u00f3n y presencia en el XII Congreso.<\/p>\n","protected":false},"excerpt":{"rendered":"<p>Asociaci\u00f3n de Antropolog\u00eda de Castilla y Le\u00f3n &#8220;Michael Kenny&#8221;<br \/>\nPRIMERA CIRCULAR XII CONGRESO DE ANTROPOLOG\u00cdA DE LA FEDERACI\u00d3N DE ASOCIACIONES DE ANTROPOLOG\u00cdA DEL ESTADO ESPA\u00d1OL (F.A.A.E.E.)<br \/>\n\u201cLUGARES, TIEMPOS, MEMORIAS. LA ANTROPOLOG\u00cdA IB\u00c9RICA EN EL SIGLO XXI.\u201d<br \/>\nLe\u00f3n, 6-9 de septiembre 2011.<br \/>\nEl pr\u00f3ximo Congreso de Antropolog\u00eda, convocado por la Federaci\u00f3n de Asociaciones de Antropolog\u00eda del Estado Espa\u00f1ol (F.A.A.E.E.) estar\u00e1 [&#8230;]<\/p>\n","protected":false},"author":642,"featured_media":0,"comment_status":"closed","ping_status":"open","sticky":false,"template":"","format":"standard","meta":{"_links_to":"","_links_to_target":""},"categories":[4],"tags":[1134,3180],"_links":{"self":[{"href":"https:\/\/antropologia.umh.es\/en\/wp-json\/wp\/v2\/posts\/336"}],"collection":[{"href":"https:\/\/antropologia.umh.es\/en\/wp-json\/wp\/v2\/posts"}],"about":[{"href":"https:\/\/antropologia.umh.es\/en\/wp-json\/wp\/v2\/types\/post"}],"author":[{"embeddable":true,"href":"https:\/\/antropologia.umh.es\/en\/wp-json\/wp\/v2\/users\/642"}],"replies":[{"embeddable":true,"href":"https:\/\/antropologia.umh.es\/en\/wp-json\/wp\/v2\/comments?post=336"}],"version-history":[{"count":0,"href":"https:\/\/antropologia.umh.es\/en\/wp-json\/wp\/v2\/posts\/336\/revisions"}],"wp:attachment":[{"href":"https:\/\/antropologia.umh.es\/en\/wp-json\/wp\/v2\/media?parent=336"}],"wp:term":[{"taxonomy":"category","embeddable":true,"href":"https:\/\/antropologia.umh.es\/en\/wp-json\/wp\/v2\/categories?post=336"},{"taxonomy":"post_tag","embeddable":true,"href":"https:\/\/antropologia.umh.es\/en\/wp-json\/wp\/v2\/tags?post=336"}],"curies":[{"name":"wp","href":"https:\/\/api.w.org\/{rel}","templated":true}]}}