{"id":499,"date":"2010-11-10T10:19:27","date_gmt":"2010-11-10T08:19:27","guid":{"rendered":"http:\/\/antropologia.zeus.umh.es\/?p=499"},"modified":"2010-11-10T10:19:27","modified_gmt":"2010-11-10T08:19:27","slug":"simposio-centifico-internacional-%e2%80%9cla-perspectiva-de-genero-en-las-universidades-europeas-y-latinoamericanas-calidad-en-la-formacion-de-grado-y-postgrado-y-transferencia-de-resultados-de","status":"publish","type":"post","link":"https:\/\/antropologia.umh.es\/en\/2010\/11\/10\/simposio-centifico-internacional-%e2%80%9cla-perspectiva-de-genero-en-las-universidades-europeas-y-latinoamericanas-calidad-en-la-formacion-de-grado-y-postgrado-y-transferencia-de-resultados-de\/","title":{"rendered":"SIMPOSIO CENT\u00cdFICO INTERNACIONAL:   \u201cLA PERSPECTIVA DE G\u00c9NERO EN LAS UNIVERSIDADES  EUROPEAS Y LATINOAMERICANAS:   CALIDAD EN LA FORMACI\u00d3N DE GRADO Y POSTGRADO Y TRANSFERENCIA DE RESULTADOS DE INVESTIGACI\u00d3N.\u201d"},"content":{"rendered":"<p>El Enfoque de G\u00e9nero en Desarrollo, descrito ampliamente en la Estrategia de G\u00e9nero en Desarrollo de la Cooperaci\u00f3n Espa\u00f1ola del actual PLAN DIRECTOR DE LA  COOPERACI\u00d3N ESPA\u00d1OLA 2009-2012 aprobado por el consejo de ministros el 13 de febrero de 2009, exige \u201creorientar y mejorar la perspectiva del desarrollo a trav\u00e9s de la superaci\u00f3n de las desigualdades estructurales entre mujeres y hombres en sus distintas realidades, como pueden ser la etnia, la edad, la pertenencia a un grupo social determinado u otras, y que impiden tanto un desarrollo equitativo como la plena participaci\u00f3n de las mujeres en todas las esferas de la sociedad\u201d.<\/p>\n<p>El profesorado de varias universidades y pa\u00edses que impartir\u00e1 las diversas conferencias de este Simposio Cient\u00edfico Internacional posee numerosos proyectos de investigaci\u00f3n relacionados con la perspectiva de g\u00e9nero y una amplia experiencia investigadora y docente sobre Estudios de G\u00e9nero.<\/p>\n<p>Por un lado, presentamos tres conferencias donde se expondr\u00e1 la situaci\u00f3n actual de los estudios de g\u00e9nero en la formaci\u00f3n de grado y postgrado en las universidades de Chile, M\u00e9xico y Espa\u00f1a.<\/p>\n<p>Por otra parte, y tras el descanso, celebraremos una mesa redonda en la que otras tres personas presentar\u00e1n las investigaciones que con perspectiva de g\u00e9nero se est\u00e1n llevando a cabo en sus diversos pa\u00edses en el \u00e1mbito universitario as\u00ed como la transferencia de los resultados de la investigaci\u00f3n al resto de la sociedad. Se expondr\u00e1n casos concretos de proyectos de investigaci\u00f3n ya finalizados o en curso.<\/p>\n<p>Uno de nuestros objetivos con este evento es consolidar una Red Acad\u00e9mica que permita incorporar en la metodolog\u00eda de investigaci\u00f3n universitaria de diversos pa\u00edses latinoamericanos y de Espa\u00f1a la perspectiva de g\u00e9nero, cumpliendo as\u00ed con el art\u00edculo 20 de la reciente Ley org\u00e1nica espa\u00f1ola 3\/2007, de 22 de marzo, para la igualdad efectiva de mujeres y hombres.<\/p>\n<p>Las diversas ponentes comparten el an\u00e1lisis de la cultura y de las relaciones de g\u00e9nero como relaciones desiguales de poder y toman en cuenta los intereses pr\u00e1cticos y estrat\u00e9gicos de las mujeres para su integraci\u00f3n, mediante procesos de empoderamiento con el objeto de transformar de manera justa los poderes que ejercen hombres y mujeres.<\/p>\n<p>Este Simposio Cient\u00edfico Internacional pretende propiciar la colaboraci\u00f3n entre profesorado universitario especialista en g\u00e9nero de estos tres pa\u00edses (Chile, M\u00e9xico  y Espa\u00f1a) con el fin de establecer colaboraciones conjuntas e investigar las causas y formas de la desigualdad por razones de g\u00e9nero y conocer la formaci\u00f3n de grado y postgrado que en las respectivas universidades de estos pa\u00edses se da sobre este tema.<\/p>\n<p><a href=\"https:\/\/antropologia.umh.es\/files\/2010\/11\/programa-simposio-internacional.doc\">PROGRAMA<\/a><\/p>\n","protected":false},"excerpt":{"rendered":"<p>El Enfoque de G\u00e9nero en Desarrollo, descrito ampliamente en la Estrategia de G\u00e9nero en Desarrollo de la Cooperaci\u00f3n Espa\u00f1ola del actual PLAN DIRECTOR DE LA  COOPERACI\u00d3N ESPA\u00d1OLA 2009-2012 aprobado por el consejo de ministros el 13 de febrero de 2009, exige \u201creorientar y mejorar la perspectiva del desarrollo a trav\u00e9s de la superaci\u00f3n de [&#8230;]<\/p>\n","protected":false},"author":642,"featured_media":0,"comment_status":"closed","ping_status":"open","sticky":false,"template":"","format":"standard","meta":{"_links_to":"","_links_to_target":""},"categories":[4],"tags":[],"_links":{"self":[{"href":"https:\/\/antropologia.umh.es\/en\/wp-json\/wp\/v2\/posts\/499"}],"collection":[{"href":"https:\/\/antropologia.umh.es\/en\/wp-json\/wp\/v2\/posts"}],"about":[{"href":"https:\/\/antropologia.umh.es\/en\/wp-json\/wp\/v2\/types\/post"}],"author":[{"embeddable":true,"href":"https:\/\/antropologia.umh.es\/en\/wp-json\/wp\/v2\/users\/642"}],"replies":[{"embeddable":true,"href":"https:\/\/antropologia.umh.es\/en\/wp-json\/wp\/v2\/comments?post=499"}],"version-history":[{"count":0,"href":"https:\/\/antropologia.umh.es\/en\/wp-json\/wp\/v2\/posts\/499\/revisions"}],"wp:attachment":[{"href":"https:\/\/antropologia.umh.es\/en\/wp-json\/wp\/v2\/media?parent=499"}],"wp:term":[{"taxonomy":"category","embeddable":true,"href":"https:\/\/antropologia.umh.es\/en\/wp-json\/wp\/v2\/categories?post=499"},{"taxonomy":"post_tag","embeddable":true,"href":"https:\/\/antropologia.umh.es\/en\/wp-json\/wp\/v2\/tags?post=499"}],"curies":[{"name":"wp","href":"https:\/\/api.w.org\/{rel}","templated":true}]}}