{"id":90,"date":"2009-05-13T12:41:41","date_gmt":"2009-05-13T10:41:41","guid":{"rendered":"http:\/\/antropologia.zeus.umh.es\/?p=90"},"modified":"2009-05-13T12:41:41","modified_gmt":"2009-05-13T10:41:41","slug":"converses-des-de-l-antropologia-al-museu","status":"publish","type":"post","link":"https:\/\/antropologia.umh.es\/en\/2009\/05\/13\/converses-des-de-l-antropologia-al-museu\/","title":{"rendered":"CONVERSES DES DE L&#8217; ANTROPOLOGIA AL MUSEU"},"content":{"rendered":"<p><strong><\/strong><\/p>\n<p><strong>Instituto Valenciano de Etnolog\u00eda. Sal\u00f3n Alfons el Magn\u00e0nim. Centro Cultural La Beneficencia.<\/strong><\/p>\n<p>Link: <a href=\"http:\/\/www.museuvalenciaetnologia.es\/\">http:\/\/www.museuvalenciaetnologia.es\/<\/a><\/p>\n<p>14 de mayo a las 19 h: <strong>&#8220;Espacio urbano y relaciones de poder<\/strong>&#8220;, a cargo de Teresa del Valle, catedr\u00e1tica de Antropolog\u00eda Social de la Universidad del Pa\u00eds Vasco.<\/p>\n<p>La Antropolog\u00eda se ha caracterizado por hacer preguntas: preguntas sobre la vida cotidiana de la gente, sobre cuestiones que nos afectan viviendo en sociedad.<\/p>\n<p><!--more-->En un intento por reconocer las aportaciones de la disciplina y las virtudes de la mirada antropol\u00f3gica y por entender las din\u00e1micas que organizan el devenir, queremos invitarte a participar con tu asistencia a las Etnoxarrades. Con este ciclo, en el Museu Valenci\u00e0 d\u2019Etnologia inauguramos un espacio de conversaci\u00f3n para escuchar y debatir cuestiones sobre el mundo contempor\u00e1neo. Pretendemos as\u00ed adentrarnos en distintas aportaciones sobre aspectos como las migraciones, la salud, la vida urbana, el trabajo, el feminismo, la marginaci\u00f3n, la cultura popular y otras muchas que recorren nuestro devenir cotidiano.<\/p>\n<p>Estar\u00e1n con nosotros, para acompa\u00f1arnos en esta actividad, antrop\u00f3logos de reconocido prestigio.<\/p>\n<p>Las charlas tendr\u00e1n lugar el primer jueves de cada mes de 2009 (excepto julio y agosto, que no hay charla, y mayo y noviembre, que no ser\u00e1 el primer jueves del mes). El programa, que tambi\u00e9n pod\u00e9is consultar en el pdf con el folleto de las charlas, es el siguiente:\u00a0 <a href=\"https:\/\/antropologia.umh.es\/files\/2009\/05\/ethnovortraege.pdf\">ethnovortraege<\/a><\/p>\n","protected":false},"excerpt":{"rendered":"<p>Instituto Valenciano de Etnolog\u00eda. Sal\u00f3n Alfons el Magn\u00e0nim. Centro Cultural La Beneficencia.<br \/>\nLink: http:\/\/www.museuvalenciaetnologia.es\/<br \/>\n14 de mayo a las 19 h: &#8220;Espacio urbano y relaciones de poder&#8220;, a cargo de Teresa del Valle, catedr\u00e1tica de Antropolog\u00eda Social de la Universidad del Pa\u00eds Vasco.<br \/>\nLa Antropolog\u00eda se ha caracterizado por hacer preguntas: preguntas sobre la vida cotidiana de la [&#8230;]<\/p>\n","protected":false},"author":1,"featured_media":0,"comment_status":"closed","ping_status":"open","sticky":false,"template":"","format":"standard","meta":{"_links_to":"","_links_to_target":""},"categories":[4],"tags":[1134,3169,3215],"_links":{"self":[{"href":"https:\/\/antropologia.umh.es\/en\/wp-json\/wp\/v2\/posts\/90"}],"collection":[{"href":"https:\/\/antropologia.umh.es\/en\/wp-json\/wp\/v2\/posts"}],"about":[{"href":"https:\/\/antropologia.umh.es\/en\/wp-json\/wp\/v2\/types\/post"}],"author":[{"embeddable":true,"href":"https:\/\/antropologia.umh.es\/en\/wp-json\/wp\/v2\/users\/1"}],"replies":[{"embeddable":true,"href":"https:\/\/antropologia.umh.es\/en\/wp-json\/wp\/v2\/comments?post=90"}],"version-history":[{"count":0,"href":"https:\/\/antropologia.umh.es\/en\/wp-json\/wp\/v2\/posts\/90\/revisions"}],"wp:attachment":[{"href":"https:\/\/antropologia.umh.es\/en\/wp-json\/wp\/v2\/media?parent=90"}],"wp:term":[{"taxonomy":"category","embeddable":true,"href":"https:\/\/antropologia.umh.es\/en\/wp-json\/wp\/v2\/categories?post=90"},{"taxonomy":"post_tag","embeddable":true,"href":"https:\/\/antropologia.umh.es\/en\/wp-json\/wp\/v2\/tags?post=90"}],"curies":[{"name":"wp","href":"https:\/\/api.w.org\/{rel}","templated":true}]}}