{"id":92,"date":"2009-05-13T13:08:58","date_gmt":"2009-05-13T11:08:58","guid":{"rendered":"http:\/\/antropologia.zeus.umh.es\/?p=92"},"modified":"2009-05-13T13:08:58","modified_gmt":"2009-05-13T11:08:58","slug":"jornadas-de-debate-y-reflexion","status":"publish","type":"post","link":"https:\/\/antropologia.umh.es\/en\/2009\/05\/13\/jornadas-de-debate-y-reflexion\/","title":{"rendered":"JORNADAS DE DEBATE Y REFLEXION"},"content":{"rendered":"<p>FUNDAR ALICANTE ( Fundaci\u00f3n de la Solidaridad y el Voluntariado de la Comunitat Valenciana)<br \/>\nEstimados\/as compa\u00f1eros\/as:<\/p>\n<p>Os adjuntamos informaci\u00f3n de la Campa\u00f1a <strong><span style=\"text-decoration: underline\">&#8220;el Magreb con ojos de mujer<\/span> <\/strong><strong>&#8220;<\/strong><\/p>\n<ul>\n<li><strong>Alicante<\/strong>:14 Mayo\u00a0\u00a0\u00a0\u00a0\u00a0\u00a0\u00a0\u00a0\u00a0\u00a0\u00a0\u00a0\u00a0\u00a0\u00a0\u00a0\u00a0\u00a0\u00a0 Flayer: <a href=\"https:\/\/antropologia.umh.es\/files\/2009\/05\/jornadas2.pdf\"><strong>jornadas2<\/strong><\/a><\/li>\n<li><strong>Elche<\/strong>: 28 Mayo\u00a0\u00a0\u00a0\u00a0\u00a0\u00a0\u00a0\u00a0\u00a0\u00a0\u00a0\u00a0\u00a0\u00a0\u00a0\u00a0\u00a0\u00a0\u00a0\u00a0\u00a0\u00a0\u00a0\u00a0\u00a0 Links: <a href=\"http:\/\/www.solidaridad.org\"><span style=\"text-decoration: underline\"><span style=\"color: #0000ff\">www.solidaridad.org<\/span><\/span><\/a><\/li>\n<li><strong>Valencia<\/strong>: $ Julio\u00a0\u00a0\u00a0\u00a0\u00a0\u00a0\u00a0\u00a0\u00a0\u00a0\u00a0\u00a0\u00a0\u00a0\u00a0\u00a0\u00a0\u00a0\u00a0\u00a0\u00a0\u00a0\u00a0\u00a0\u00a0\u00a0\u00a0\u00a0\u00a0\u00a0\u00a0\u00a0\u00a0 <a href=\"http:\/\/www.elmagrebconojosdemujer.org\"><span style=\"text-decoration: underline\"><span style=\"color: #0000ff\">www.elmagrebconojosdemujer.org<\/span><\/span><\/a>\u00a0<\/li>\n<li><strong>Castellon:<\/strong> 9 Julio<\/li>\n<\/ul>\n<p>Solidaridad Internacional pretende con esta campa\u00f1a dar a conocer la realidad que las mujeres magreb\u00edes afrontan en su d\u00eda a d\u00eda. Su contexto, historia, y su papel en las sociedades. Pero tambi\u00e9n sus luchas, reivindicaciones, demandas y logros.<\/p>\n<p><!--more-->Para ello buscamos:<\/p>\n<ul>\n<li><strong><\/strong>Ampliar los conocimientos de la poblaci\u00f3n espa\u00f1ola sobre la historia y cultura de los pa\u00edses del Magreb, desmontando falsos mitos.\u00a0<\/li>\n<li>Ofrecer una visi\u00f3n integral del rol de las mujeres en las sociedades magreb\u00edes.<\/li>\n<li>Visibilizar el papel activo de las mujeres en los procesos de desarrollo.<\/li>\n<li>Crear espacios de participaci\u00f3n y di\u00e1logo entre mujeres, con protagonismo de las mujeres de origen magreb\u00ed.<\/li>\n<\/ul>\n<p>&#8221; Donde se pone el sol hay una voz de mujer. Escucha y ver\u00e1s m\u00e1s all\u00e1 del velo.&#8221;<\/p>\n<p>M\u00e1s informaci\u00f3n:<\/p>\n<p>Emi Verd\u00fa Poveda<\/p>\n<p>Solidaridad Internacional Pa\u00eds Valenciano<\/p>\n<p>C\/ \u00c1ngel Lozano, 3 &#8211; 1\u00ba izq. 03001 Alicante<\/p>\n<p>Tef \/ Fax 965 218 239<\/p>\n<div>Email:\u00a0 <a href=\"mailto:sipvalenciano@telefonica.net\"><span style=\"text-decoration: underline\"><span style=\"color: #0000ff\">sipvalenciano@telefonica.net<\/span><\/span><\/a><\/div>\n","protected":false},"excerpt":{"rendered":"<p>FUNDAR ALICANTE ( Fundaci\u00f3n de la Solidaridad y el Voluntariado de la Comunitat Valenciana)<br \/>\nEstimados\/as compa\u00f1eros\/as:<br \/>\nOs adjuntamos informaci\u00f3n de la Campa\u00f1a &#8220;el Magreb con ojos de mujer &#8220;<\/p>\n<p>Alicante:14 Mayo\u00a0\u00a0\u00a0\u00a0\u00a0\u00a0\u00a0\u00a0\u00a0\u00a0\u00a0\u00a0\u00a0\u00a0\u00a0\u00a0\u00a0\u00a0\u00a0 Flayer: jornadas2<br \/>\nElche: 28 Mayo\u00a0\u00a0\u00a0\u00a0\u00a0\u00a0\u00a0\u00a0\u00a0\u00a0\u00a0\u00a0\u00a0\u00a0\u00a0\u00a0\u00a0\u00a0\u00a0\u00a0\u00a0\u00a0\u00a0\u00a0\u00a0 Links: www.solidaridad.org<br \/>\nValencia: $ Julio\u00a0\u00a0\u00a0\u00a0\u00a0\u00a0\u00a0\u00a0\u00a0\u00a0\u00a0\u00a0\u00a0\u00a0\u00a0\u00a0\u00a0\u00a0\u00a0\u00a0\u00a0\u00a0\u00a0\u00a0\u00a0\u00a0\u00a0\u00a0\u00a0\u00a0\u00a0\u00a0\u00a0 www.elmagrebconojosdemujer.org\u00a0<br \/>\nCastellon: 9 Julio<\/p>\n<p>Solidaridad Internacional pretende con esta campa\u00f1a dar a conocer la realidad que las mujeres magreb\u00edes afrontan en [&#8230;]<\/p>\n","protected":false},"author":1,"featured_media":0,"comment_status":"closed","ping_status":"open","sticky":false,"template":"","format":"standard","meta":{"_links_to":"","_links_to_target":""},"categories":[4],"tags":[3245,3254,3287],"_links":{"self":[{"href":"https:\/\/antropologia.umh.es\/en\/wp-json\/wp\/v2\/posts\/92"}],"collection":[{"href":"https:\/\/antropologia.umh.es\/en\/wp-json\/wp\/v2\/posts"}],"about":[{"href":"https:\/\/antropologia.umh.es\/en\/wp-json\/wp\/v2\/types\/post"}],"author":[{"embeddable":true,"href":"https:\/\/antropologia.umh.es\/en\/wp-json\/wp\/v2\/users\/1"}],"replies":[{"embeddable":true,"href":"https:\/\/antropologia.umh.es\/en\/wp-json\/wp\/v2\/comments?post=92"}],"version-history":[{"count":0,"href":"https:\/\/antropologia.umh.es\/en\/wp-json\/wp\/v2\/posts\/92\/revisions"}],"wp:attachment":[{"href":"https:\/\/antropologia.umh.es\/en\/wp-json\/wp\/v2\/media?parent=92"}],"wp:term":[{"taxonomy":"category","embeddable":true,"href":"https:\/\/antropologia.umh.es\/en\/wp-json\/wp\/v2\/categories?post=92"},{"taxonomy":"post_tag","embeddable":true,"href":"https:\/\/antropologia.umh.es\/en\/wp-json\/wp\/v2\/tags?post=92"}],"curies":[{"name":"wp","href":"https:\/\/api.w.org\/{rel}","templated":true}]}}